{"id":2602,"date":"2025-04-06T11:30:16","date_gmt":"2025-04-06T09:30:16","guid":{"rendered":"https:\/\/casaruralcastalla.com\/nl\/?p=2602"},"modified":"2026-09-05T14:10:32","modified_gmt":"2026-09-05T12:10:32","slug":"cova-de-mossen-frances-grot-maigmo","status":"publish","type":"post","link":"https:\/\/casaruralcastalla.com\/nl\/blog\/cova-de-mossen-frances-grot-maigmo\/","title":{"rendered":"Cova de Moss\u00e9n Franc\u00e9s: geschiedenis, natuur en legende in de Maigm\u00f3"},"content":{"rendered":"\n<p><em>Audioversie van dit artikel (podcast in het Spaans).<\/em><\/p>\n<iframe src=\"https:\/\/www.ivoox.com\/player_ej_159167196_6_1.html?c1=72857f\" width=\"100%\" height=\"200\" frameborder=\"0\" allowfullscreen=\"\" scrolling=\"no\" loading=\"lazy\"><\/iframe>\n\n\n\n\n<p class=\"wp-block-paragraph\">De <strong>Cova de Moss\u00e9n Franc\u00e9s<\/strong>, op de flank van de <strong>Sierra del Maigm\u00f3<\/strong> (Alicante), is een van die plekken waar natuur, geschiedenis en legende zich bijna magisch met elkaar verweven. De grot ligt op ruim <strong>1.100 meter hoogte<\/strong>, vlak bij het natuurgebied <strong>Xorret de Cat\u00ed<\/strong>, en biedt niet alleen een landschap van de eerste orde, maar ook een verhaal dat door eeuwen van plaatselijk gebruik, geloof en tradities voert. <\/p>\n\n\n\n<p class=\"wp-block-paragraph\">Wilt u de drukte van de kust achter u laten en het echte achterland van Alicante in duiken, dan is dit een uitstapje dat <strong>wandelen, cultuur en natuur<\/strong> combineert. En zoekt u daarvoor een gastvrij en authentiek vertrekpunt, dan is <strong>Casa Rural Castalla<\/strong> de logische keuze: vanaf het huis is het een paar minuten rijden naar de grot, gevolgd door een wandeling die al uw zintuigen wakker maakt.<\/p>\n\n\n\n<hr class=\"wp-block-separator has-alpha-channel-opacity\"\/>\n\n\n\n<h3 class=\"wp-block-heading\">Een grot met een eigen naam (en een priester met dynamiet) \ud83d\udd73\ufe0f\ud83d\udca5\ud83d\udcd6<\/h3>\n\n\n\n<p class=\"wp-block-paragraph\">Die naam wekt meteen nieuwsgierigheid. &#8220;<strong>Moss\u00e9n<\/strong>&#8221; is een Valenciaanse eretitel waarmee vroeger priesters werden aangesproken, en &#8220;<strong>Franc\u00e9s<\/strong>&#8221; kan zowel een naam als een bijnaam zijn. De legende wil dat deze geestelijke, een liefhebber van de jacht met fretten, uiteindelijk dynamiet gebruikte om een van zijn dieren te redden dat zich onder de grond had verstopt. Het resultaat was verrassend: hij kreeg niet alleen zijn fret terug, maar legde ook de ingang van een indrukwekkende kalksteengrot bloot. Zo ontstond de Cova de Moss\u00e9n Franc\u00e9s, in een verhaal vol humor, toeval en een vleugje kerkelijke oneerbiedigheid.<\/p>\n\n\n\n<figure class=\"wp-block-image size-large\"><img decoding=\"async\" width=\"1024\" height=\"576\" src=\"https:\/\/casaruralcastalla.com\/nl\/wp-content\/uploads\/sites\/6\/2025\/04\/20250406_091915-1-1-1024x576.jpg\" alt=\"Panorama vanaf het uitzichtpunt bij de Cova de Moss\u00e9n Franc\u00e9s, met bergen en dalen in de Sierra del Maigm\u00f3.\" class=\"wp-image-2604\" srcset=\"https:\/\/casaruralcastalla.com\/nl\/wp-content\/uploads\/sites\/6\/2025\/04\/20250406_091915-1-1-1024x576.jpg 1024w, https:\/\/casaruralcastalla.com\/nl\/wp-content\/uploads\/sites\/6\/2025\/04\/20250406_091915-1-1-300x169.jpg 300w, https:\/\/casaruralcastalla.com\/nl\/wp-content\/uploads\/sites\/6\/2025\/04\/20250406_091915-1-1-768x432.jpg 768w, https:\/\/casaruralcastalla.com\/nl\/wp-content\/uploads\/sites\/6\/2025\/04\/20250406_091915-1-1-892x502.jpg 892w, https:\/\/casaruralcastalla.com\/nl\/wp-content\/uploads\/sites\/6\/2025\/04\/20250406_091915-1-1.jpg 1199w\" sizes=\"(max-width: 1024px) 100vw, 1024px\" \/><\/figure>\n\n\n\n<hr class=\"wp-block-separator has-alpha-channel-opacity\"\/>\n\n\n\n<h3 class=\"wp-block-heading\">Ligging en omgeving: een natuurlijk balkon \ud83c\udfde\ufe0f\ud83c\udf04\ud83d\udd26<\/h3>\n\n\n\n<p class=\"wp-block-paragraph\">De grot ligt op ongeveer <strong>1.160 meter hoogte<\/strong>, met spectaculair uitzicht over het <strong>dal van Cat\u00ed<\/strong>, de <strong>Foia de Castalla<\/strong> \u2013 het brede dalbekken waarin Castalla ligt \u2013 en de nabije <strong>Sierra del Cid<\/strong>. U bereikt haar via het wandelpad <strong>PR-CV 31<\/strong>, een rondwandeling van zo&#8217;n 8 kilometer die begint bij het recreatiegebied van Xorret de Cat\u00ed. Een <em>PR<\/em> is in Spanje een korte, gemarkeerde wandelroute, herkenbaar aan witte en gele strepen. De grot is goed bereikbaar voor wandelaars met een normale basisconditie en vraagt geen technische uitrusting: de horizontale gang van zo&#8217;n 30 meter is te voet te verkennen, al is een zaklamp sterk aan te raden om er veilig binnen te gaan.<\/p>\n\n\n\n<p class=\"wp-block-paragraph\">Achter de ingang, die deels kunstmatig met oude explosieven is uitgehakt, opent zich een ruimte met een vlakke vloer en een hoog gewelf, die het langdurige menselijke gebruik door de eeuwen heen verraadt.<\/p>\n\n\n\n<hr class=\"wp-block-separator has-alpha-channel-opacity\"\/>\n\n\n\n<h3 class=\"wp-block-heading\">Levende geschiedenis in de rots van de <strong>Cova de Moss\u00e9n Franc\u00e9s<\/strong> \ud83d\udd6f\ufe0f\ud83d\udcdc\ud83e\uddf1<\/h3>\n\n\n\n<p class=\"wp-block-paragraph\">Naast de legende van de jagende priester is het gebruik van de  <strong>Cova de Moss\u00e9n Franc\u00e9s<\/strong> door <strong>herders<\/strong> gedocumenteerd, die haar inrichtten om er samen met hun kudden te schuilen. De genivelleerde vloer en de resten van oude vuurplaatsen getuigen van die functie als beschutting tegen kou en onweer. <\/p>\n\n\n\n<p class=\"wp-block-paragraph\">Er zijn zelfs aanwijzingen voor bewoning in de tijd van <strong>al-Andalus<\/strong>, het islamitische Spanje. Daarnaast wordt er gespeculeerd over gebruik als <strong>schuilplaats van struikrovers<\/strong> of van de <strong>maquis<\/strong> \u2013 de antifrancistische partizanen die zich na de Burgeroorlog in de bergen terugtrokken \u2013 in de negentiende eeuw en de naoorlogse jaren. Die opeenstapeling van functies maakt van de Cova een waar stenen archief van de plattelands- en sociale geschiedenis van de streek.<\/p>\n\n\n\n<hr class=\"wp-block-separator has-alpha-channel-opacity\"\/>\n\n\n\n<figure class=\"wp-block-image size-large\"><img decoding=\"async\" width=\"768\" height=\"1024\" src=\"https:\/\/casaruralcastalla.com\/nl\/wp-content\/uploads\/sites\/6\/2025\/04\/20250406_091731-1-1-e1743931597651-768x1024.jpg\" alt=\"Geheimzinnig interieur van de Cova de Moss\u00e9n Franc\u00e9s, met licht en schaduw op de rotsformaties.\" class=\"wp-image-2605\" srcset=\"https:\/\/casaruralcastalla.com\/nl\/wp-content\/uploads\/sites\/6\/2025\/04\/20250406_091731-1-1-e1743931597651-768x1024.jpg 768w, https:\/\/casaruralcastalla.com\/nl\/wp-content\/uploads\/sites\/6\/2025\/04\/20250406_091731-1-1-e1743931597651-225x300.jpg 225w, https:\/\/casaruralcastalla.com\/nl\/wp-content\/uploads\/sites\/6\/2025\/04\/20250406_091731-1-1-e1743931597651-892x1189.jpg 892w, https:\/\/casaruralcastalla.com\/nl\/wp-content\/uploads\/sites\/6\/2025\/04\/20250406_091731-1-1-e1743931597651.jpg 900w\" sizes=\"(max-width: 768px) 100vw, 768px\" \/><\/figure>\n\n\n\n<h3 class=\"wp-block-heading\">Planten en dieren: mediterrane biodiversiteit \ud83c\udf3f\ud83e\udd89\ud83c\udf1e<\/h3>\n\n\n\n<p class=\"wp-block-paragraph\">De omgeving van de grot is een levend voorbeeld van goed bewaard <strong>mediterraan bos<\/strong>. Aleppodennen, steeneiken, tijm, rozemarijn en cistusstruiken vormen samen een plantenmoza\u00efek dat met de seizoenen verandert. In het voorjaar hangt de lucht vol bloemengeuren, in de herfst kleurt het landschap okerbruin.<\/p>\n\n\n\n<p class=\"wp-block-paragraph\">Onder de dieren vallen de <strong>manenschaap<\/strong> (<em>arru\u00ed<\/em>), het <strong>wilde zwijn<\/strong>, de <strong>genetkat<\/strong> en de <strong>vos<\/strong> op, en verder vogels als de <strong>oehoe<\/strong>, de <strong>slechtvalk<\/strong> en de <strong>grauwe kiekendief<\/strong>. Een paradijs voor liefhebbers van vogels en natuurfotografie. <\/p>\n\n\n\n<hr class=\"wp-block-separator has-alpha-channel-opacity\"\/>\n\n\n\n<h3 class=\"wp-block-heading\"><a href=\"https:\/\/errederuta.com\/\" data-type=\"link\" data-id=\"https:\/\/errederuta.com\/\" target=\"_blank\" rel=\"noopener\">Wandelen met geschiedenis<\/a> \ud83e\udd7e\ud83d\uddfa\ufe0f\ud83c\udfd4\ufe0f<\/h3>\n\n\n\n<p class=\"wp-block-paragraph\">De tocht over de PR-CV 31 brengt u niet alleen tot bij de  <strong>Cova de Moss\u00e9n Franc\u00e9s<\/strong>, maar biedt ook uitzichtpunten, rustplekken en de mogelijkheid om andere bezienswaardigheden aan te doen, zoals de <strong>Pou de Neu de Planisses<\/strong>, een oude sneeuwput. Bovendien is Xorret de Cat\u00ed een vaste passage van etappes van de <strong>Vuelta a Espa\u00f1a<\/strong>, wat het extra interessant maakt voor wielrenners en wielerliefhebbers. \ud83d\udeb5\u200d\u2642\ufe0f\ud83c\udfc1\ud83d\udccd<\/p>\n\n\n\n<p class=\"wp-block-paragraph\">Vanuit <strong><a href=\"https:\/\/casaruralcastalla.com\/nl\/\">Casa Rural Castalla<\/a><\/strong> is Xorret de Cat\u00ed snel en gemakkelijk te bereiken. Wij helpen u uw <a href=\"https:\/\/casaruralcastalla.com\/nl\/wandelroutes-castalla\/\">wandelroute<\/a> voor de ochtend te plannen, een picknick mee te nemen en daarna terug te keren naar het huis om in de woonkamer bij te komen, een gezelschapsspel te spelen of een diner met streekproducten klaar te maken. \ud83c\udf7d\ufe0f\ud83d\udecb\ufe0f\ud83c\udf77<\/p>\n\n\n\n<hr class=\"wp-block-separator has-alpha-channel-opacity\"\/>\n\n\n\n<h3 class=\"wp-block-heading\">Tips voor uw bezoek \ud83e\udde2\ud83e\udded\ud83e\uddf4<\/h3>\n\n\n\n<ul class=\"wp-block-list\">\n<li><strong>Beste periode<\/strong>: het voorjaar en de herfst, om het milde weer en de kleuren van het landschap.<\/li>\n\n\n\n<li><strong>Uitrusting<\/strong>: bergschoenen, water, een zaklamp en iets warms, ook in de zomer.<\/li>\n\n\n\n<li><strong>Voorzichtig<\/strong>: kom niet onoplettend te dicht bij de rand van het balkon, zeker niet met kinderen.<\/li>\n\n\n\n<li><strong>Respect voor de omgeving<\/strong>: laat geen afval achter, beschadig de begroeiing niet en verstoor de dieren niet.<\/li>\n<\/ul>\n\n\n\n<hr class=\"wp-block-separator has-alpha-channel-opacity\"\/>\n\n\n\n<h3 class=\"wp-block-heading\">Meer dan een uitstapje: een complete ervaring \u2728\ud83e\uddf3\ud83c\udf92<\/h3>\n\n\n\n<p class=\"wp-block-paragraph\">Een bezoek aan de Cova de Moss\u00e9n Franc\u00e9s is veel meer dan een wandelroute lopen: het is contact maken met de geschiedenis, met de tradities van de bergen van Alicante en met landschappen die eeuwenlang de stille getuigen van het plattelandsleven zijn geweest. <\/p>\n\n\n\n<p class=\"wp-block-paragraph\"><strong><a href=\"https:\/\/casaruralcastalla.com\/nl\/\">Casa Rural Castalla<\/a><\/strong>, met zijn strategische ligging in het historische hart van het dorp, is het ideale onderkomen om deze ervaring compleet te maken. De gastvrije sfeer, de nabijheid van de natuurroutes en de inzet voor duurzaamheid maken het huis tot het perfecte vertrekpunt om de rijkdom van de Maigm\u00f3 te verkennen. \ud83c\udfe1\ud83d\udcab\ud83c\udf04<\/p>\n\n\n\n<hr class=\"wp-block-separator has-alpha-channel-opacity\"\/>\n\n\n\n<p class=\"wp-block-paragraph\"><strong>Waar wacht u nog op om deze schat tussen de bergen te ontdekken?<\/strong> De <strong>Cova de Moss\u00e9n Franc\u00e9s<\/strong> wacht op u met haar explosieve geschiedenis, haar ansichtkaartlandschappen en een legende die nog altijd tussen de stenen naklinkt. \ud83e\udde8\ud83d\udcf7\ud83d\udd0d<\/p>\n\n\n\n<p class=\"wp-block-paragraph\">Vraag uw verblijf aan bij <strong><a href=\"https:\/\/casaruralcastalla.com\/nl\/contact\/\">Casa Rural Castalla<\/a><\/strong> en maak u klaar voor een avontuur dat u nooit vergeet. \ud83d\udcbc\ud83c\udf3f\ud83c\udf1f<\/p>\n\n\n\n<p class=\"wp-block-paragraph\"><\/p>\n\n\n\n<div class=\"wp-block-group cta-castalla-reserva has-background\" style=\"border-radius:12px;background-color:#f4ede2;margin-top:3rem;margin-bottom:3rem;padding-top:3rem;padding-right:2rem;padding-bottom:3rem;padding-left:2rem\"><div class=\"wp-block-group__inner-container is-layout-constrained wp-container-core-group-is-layout-8f4013b1 wp-block-group-is-layout-constrained\">\n<h3 class=\"wp-block-heading has-text-align-center\">Klaar om het binnenland van Alicante te ontdekken?<\/h3>\n\n\n\n<p class=\"has-text-align-center wp-block-paragraph\">Boek uw verblijf bij <strong>Casa Rural Castalla<\/strong> en ontdek rustig plekken als Plascaves, het kasteel van Castalla of de Sierra del Maigm\u00f3. Uw uitstapje naar het binnenland van Alicante begint hier.<\/p>\n\n\n\n<div class=\"wp-block-buttons is-content-justification-center is-layout-flex wp-container-core-buttons-is-layout-fe48e5de wp-block-buttons-is-layout-flex\">\n<div class=\"wp-block-button\"><a class=\"wp-block-button__link wp-element-button\" href=\"https:\/\/wa.me\/34601994695?text=Hallo%21%20Ik%20wil%20graag%20de%20beschikbaarheid%20van%20Casa%20Rural%20Castalla%20aanvragen.\" style=\"border-radius:6px\" target=\"_blank\" rel=\"noopener\">Beschikbaarheid aanvragen<\/a><\/div>\n\n\n\n<div class=\"wp-block-button is-style-outline is-style-outline--1\"><a class=\"wp-block-button__link wp-element-button\" href=\"https:\/\/casaruralcastalla.com\/nl\/contact\/\" style=\"border-radius:6px\">Contact opnemen<\/a><\/div>\n<\/div>\n<\/div><\/div>\n","protected":false},"excerpt":{"rendered":"<p>Audioversie van dit artikel (podcast in het Spaans). De Cova de Moss\u00e9n Franc\u00e9s, op de flank van de Sierra del Maigm\u00f3 (Alicante), is een van die plekken waar natuur, geschiedenis en legende zich bijna magisch met elkaar verweven. De grot ligt op ruim 1.100 meter hoogte, vlak bij het natuurgebied Xorret de Cat\u00ed, en biedt [&hellip;]<\/p>\n","protected":false},"author":1,"featured_media":2603,"comment_status":"closed","ping_status":"closed","sticky":false,"template":"","format":"standard","meta":{"inline_featured_image":false,"_trash_the_other_posts":false,"_monsterinsights_skip_tracking":false,"_joinchat":[],"footnotes":""},"categories":[1,178],"tags":[],"class_list":["post-2602","post","type-post","status-publish","format-standard","has-post-thumbnail","hentry","category-geen-categorie","category-wandelen"],"_links":{"self":[{"href":"https:\/\/casaruralcastalla.com\/nl\/wp-json\/wp\/v2\/posts\/2602","targetHints":{"allow":["GET"]}}],"collection":[{"href":"https:\/\/casaruralcastalla.com\/nl\/wp-json\/wp\/v2\/posts"}],"about":[{"href":"https:\/\/casaruralcastalla.com\/nl\/wp-json\/wp\/v2\/types\/post"}],"author":[{"embeddable":true,"href":"https:\/\/casaruralcastalla.com\/nl\/wp-json\/wp\/v2\/users\/1"}],"replies":[{"embeddable":true,"href":"https:\/\/casaruralcastalla.com\/nl\/wp-json\/wp\/v2\/comments?post=2602"}],"version-history":[{"count":3,"href":"https:\/\/casaruralcastalla.com\/nl\/wp-json\/wp\/v2\/posts\/2602\/revisions"}],"predecessor-version":[{"id":5915,"href":"https:\/\/casaruralcastalla.com\/nl\/wp-json\/wp\/v2\/posts\/2602\/revisions\/5915"}],"wp:featuredmedia":[{"embeddable":true,"href":"https:\/\/casaruralcastalla.com\/nl\/wp-json\/wp\/v2\/media\/2603"}],"wp:attachment":[{"href":"https:\/\/casaruralcastalla.com\/nl\/wp-json\/wp\/v2\/media?parent=2602"}],"wp:term":[{"taxonomy":"category","embeddable":true,"href":"https:\/\/casaruralcastalla.com\/nl\/wp-json\/wp\/v2\/categories?post=2602"},{"taxonomy":"post_tag","embeddable":true,"href":"https:\/\/casaruralcastalla.com\/nl\/wp-json\/wp\/v2\/tags?post=2602"}],"curies":[{"name":"wp","href":"https:\/\/api.w.org\/{rel}","templated":true}]}}