{"id":4606,"date":"2026-02-28T10:58:24","date_gmt":"2026-02-28T09:58:24","guid":{"rendered":"https:\/\/casaruralcastalla.com\/fr\/?p=4606"},"modified":"2026-09-05T12:26:37","modified_gmt":"2026-09-05T10:26:37","slug":"plascaves-pla-de-les-caves-castalla","status":"publish","type":"post","link":"https:\/\/casaruralcastalla.com\/fr\/blog\/plascaves-pla-de-les-caves-castalla\/","title":{"rendered":"Plascaves (Pla de les Caves) : l\u2019histoire vivante de l\u2019arri\u00e8re-pays de Castalla"},"content":{"rendered":"\n<p class=\"wp-block-paragraph\">Parler de <strong>Plascaves<\/strong> \u2014&nbsp;que l\u2019on \u00e9crit aussi <em>Pla de les Caves<\/em>, la forme valencienne d\u2019un seul et m\u00eame nom&nbsp;\u2014 c\u2019est parler de l\u2019un de ces tr\u00e9sors discrets de l\u2019arri\u00e8re-pays d\u2019Alicante qui surprennent d\u00e8s que l\u2019on quitte les itin\u00e9raires les plus fr\u00e9quent\u00e9s. Situ\u00e9 sur la commune de Castalla, \u00e0 35&nbsp;minutes des plages de la Costa Blanca, ce site r\u00e9unit paysage, m\u00e9moire agricole et architecture traditionnelle&nbsp;: l\u2019endroit parfait pour comprendre comment on a v\u00e9cu et travaill\u00e9 sur ces terres pendant des g\u00e9n\u00e9rations.<\/p>\n\n\n\n<figure class=\"wp-block-embed aligncenter is-type-video is-provider-youtube wp-block-embed-youtube wp-embed-aspect-16-9 wp-has-aspect-ratio\"><div class=\"wp-block-embed__wrapper\">\n<iframe title=\"Plascaves en Castalla: el rinc\u00f3n secreto del interior de Alicante\" width=\"892\" height=\"502\" src=\"https:\/\/www.youtube.com\/embed\/w6FLTC8FSUc?feature=oembed\" frameborder=\"0\" allow=\"accelerometer; autoplay; clipboard-write; encrypted-media; gyroscope; picture-in-picture; web-share\" referrerpolicy=\"strict-origin-when-cross-origin\" allowfullscreen><\/iframe>\n<\/div><\/figure>\n\n\n\n<hr class=\"wp-block-separator has-alpha-channel-opacity\"\/>\n\n\n\n<h2 class=\"wp-block-heading\">Un paysage fa\u00e7onn\u00e9 par le temps<\/h2>\n\n\n\n<p class=\"wp-block-paragraph\">Le Pla de les Caves s\u2019\u00e9tend sur une zone plane cern\u00e9e de collines, l\u00e0 o\u00f9 l\u2019horizon s\u2019ouvre et o\u00f9 le rythme ralentit. Ici, la relation entre l\u2019homme et la terre a laiss\u00e9 son empreinte&nbsp;:<\/p>\n\n\n\n<ul class=\"wp-block-list\">\n<li>D\u2019anciennes constructions agricoles<\/li>\n\n\n\n<li>De petits \u00e9difices li\u00e9s au stockage<\/li>\n\n\n\n<li>Des parcelles qui portent encore la trace de la culture s\u00e8che traditionnelle<\/li>\n<\/ul>\n\n\n\n<p class=\"wp-block-paragraph\">Le nom \u00ab&nbsp;les Caves&nbsp;\u00bb renvoie \u00e0 des espaces de stockage ou \u00e0 de petites cavit\u00e9s historiquement li\u00e9s au travail agricole et \u00e0 la conservation des r\u00e9coltes. Aujourd\u2019hui fondues dans le paysage, ces structures rappellent une \u00e9conomie fond\u00e9e sur l\u2019effort, l\u2019autosuffisance et l\u2019usage mesur\u00e9 des ressources naturelles.<\/p>\n\n\n\n<figure class=\"wp-block-image size-full\"><img decoding=\"async\" width=\"1020\" height=\"574\" src=\"https:\/\/casaruralcastalla.com\/fr\/wp-content\/uploads\/sites\/4\/2026\/02\/Plascaves-pla-de-les-caves-Castalla-20260228_073559.jpg\" alt=\"Paysage du Pla de les Caves (Plascaves) \u00e0 Castalla\" class=\"wp-image-4609\" srcset=\"https:\/\/casaruralcastalla.com\/fr\/wp-content\/uploads\/sites\/4\/2026\/02\/Plascaves-pla-de-les-caves-Castalla-20260228_073559.jpg 1020w, https:\/\/casaruralcastalla.com\/fr\/wp-content\/uploads\/sites\/4\/2026\/02\/Plascaves-pla-de-les-caves-Castalla-20260228_073559-300x169.jpg 300w, https:\/\/casaruralcastalla.com\/fr\/wp-content\/uploads\/sites\/4\/2026\/02\/Plascaves-pla-de-les-caves-Castalla-20260228_073559-768x432.jpg 768w, https:\/\/casaruralcastalla.com\/fr\/wp-content\/uploads\/sites\/4\/2026\/02\/Plascaves-pla-de-les-caves-Castalla-20260228_073559-892x502.jpg 892w\" sizes=\"(max-width: 1020px) 100vw, 1020px\" \/><\/figure>\n\n\n\n<hr class=\"wp-block-separator has-alpha-channel-opacity\"\/>\n\n\n\n<h2 class=\"wp-block-heading\">Agriculture, tradition et vie rurale<\/h2>\n\n\n\n<p class=\"wp-block-paragraph\">Pendant des si\u00e8cles, ce secteur a fait vivre des familles qui cultivaient les c\u00e9r\u00e9ales, l\u2019amandier, l\u2019olivier et la vigne. L\u2019arri\u00e8re-pays d\u2019Alicante a historiquement d\u00e9pendu de la culture s\u00e8che \u2014&nbsp;le <em>secano<\/em>, ces terres non irrigu\u00e9es qui ne re\u00e7oivent que l\u2019eau de pluie&nbsp;\u2014, adapt\u00e9e au climat m\u00e9diterran\u00e9en et au cycle des saisons.<\/p>\n\n\n\n<p class=\"wp-block-paragraph\">Marcher dans Plascaves, c\u2019est comprendre&nbsp;:<\/p>\n\n\n\n<ul class=\"wp-block-list\">\n<li>Comment les champs \u00e9taient organis\u00e9s<\/li>\n\n\n\n<li>Comment on stockait les outils et les r\u00e9coltes<\/li>\n\n\n\n<li>Comment l\u2019architecture populaire r\u00e9pondait \u00e0 la fonction et au milieu<\/li>\n<\/ul>\n\n\n\n<p class=\"wp-block-paragraph\">Ces lieux n\u2019ont jamais \u00e9t\u00e9 pens\u00e9s pour le tourisme, mais pour la vie r\u00e9elle. C\u2019est peut-\u00eatre exactement l\u00e0 que r\u00e9side leur authenticit\u00e9.<\/p>\n\n\n\n<hr class=\"wp-block-separator has-alpha-channel-opacity\"\/>\n\n\n\n<h2 class=\"wp-block-heading\">Le Pla de les Caves aujourd\u2019hui<\/h2>\n\n\n\n<p class=\"wp-block-paragraph\">Aujourd\u2019hui, Plascaves conserve ce caract\u00e8re paisible et rural qui d\u00e9finit l\u2019arri\u00e8re-pays de Castalla. Ce n\u2019est ni un site satur\u00e9 ni un site trop am\u00e9nag\u00e9. C\u2019est pr\u00e9cis\u00e9ment un endroit pour&nbsp;:<\/p>\n\n\n\n<ul class=\"wp-block-list\">\n<li>Se promener sans se presser<\/li>\n\n\n\n<li>Profiter du silence<\/li>\n\n\n\n<li>Renouer avec la nature<\/li>\n\n\n\n<li>D\u00e9couvrir de petits itin\u00e9raires \u00e0 pied ou \u00e0 v\u00e9lo<\/li>\n<\/ul>\n\n\n\n<p class=\"wp-block-paragraph\">Tout pr\u00e8s se trouvent d\u2019autres sites naturels comme <a href=\"https:\/\/casaruralcastalla.com\/fr\/randonnees-castalla\/\">Xorret de Cat\u00ed ou la Sierra del Maigm\u00f3<\/a>, qui compl\u00e8tent une exp\u00e9rience de tourisme actif et culturel dans la zone.<\/p>\n\n\n\n<p class=\"wp-block-paragraph\">La valeur de Plascaves aujourd\u2019hui ne tient pas \u00e0 de grandes infrastructures, mais \u00e0 sa capacit\u00e9 \u00e0 pr\u00e9server l\u2019essence du territoire.<\/p>\n\n\n\n<figure class=\"wp-block-image size-full\"><img decoding=\"async\" width=\"1020\" height=\"574\" src=\"https:\/\/casaruralcastalla.com\/fr\/wp-content\/uploads\/sites\/4\/2026\/02\/Plascaves-pla-de-les-caves-Castalla-20260228_073721.jpg\" alt=\"Itin\u00e9raire tranquille dans l\u2019arri\u00e8re-pays d\u2019Alicante : Plascaves\" class=\"wp-image-4611\" srcset=\"https:\/\/casaruralcastalla.com\/fr\/wp-content\/uploads\/sites\/4\/2026\/02\/Plascaves-pla-de-les-caves-Castalla-20260228_073721.jpg 1020w, https:\/\/casaruralcastalla.com\/fr\/wp-content\/uploads\/sites\/4\/2026\/02\/Plascaves-pla-de-les-caves-Castalla-20260228_073721-300x169.jpg 300w, https:\/\/casaruralcastalla.com\/fr\/wp-content\/uploads\/sites\/4\/2026\/02\/Plascaves-pla-de-les-caves-Castalla-20260228_073721-768x432.jpg 768w, https:\/\/casaruralcastalla.com\/fr\/wp-content\/uploads\/sites\/4\/2026\/02\/Plascaves-pla-de-les-caves-Castalla-20260228_073721-892x502.jpg 892w\" sizes=\"(max-width: 1020px) 100vw, 1020px\" \/><\/figure>\n\n\n\n<hr class=\"wp-block-separator has-alpha-channel-opacity\"\/>\n\n\n\n<h2 class=\"wp-block-heading\">Tourisme d\u2019int\u00e9rieur&nbsp;: d\u00e9couvrir ce qui ne se voit pas toujours<\/h2>\n\n\n\n<p class=\"wp-block-paragraph\">\u00c0 l\u2019heure o\u00f9 de plus en plus de voyageurs recherchent des exp\u00e9riences authentiques, l\u2019arri\u00e8re-pays d\u2019Alicante propose autre chose&nbsp;: du paysage, de l\u2019histoire et du calme.<\/p>\n\n\n\n<p class=\"wp-block-paragraph\">Visiter des lieux comme Plascaves permet de&nbsp;:<\/p>\n\n\n\n<ul class=\"wp-block-list\">\n<li>Comprendre la culture agricole traditionnelle<\/li>\n\n\n\n<li>Explorer le patrimoine naturel de Castalla<\/li>\n\n\n\n<li>D\u00e9couvrir la gastronomie locale apr\u00e8s une journ\u00e9e en plein air<\/li>\n\n\n\n<li>Voir le centre historique d\u2019un autre \u0153il<\/li>\n<\/ul>\n\n\n\n<p class=\"wp-block-paragraph\">C\u2019est un tourisme lent, conscient et de proximit\u00e9.<\/p>\n\n\n\n<figure class=\"wp-block-image size-full\"><img decoding=\"async\" width=\"1020\" height=\"574\" src=\"https:\/\/casaruralcastalla.com\/fr\/wp-content\/uploads\/sites\/4\/2026\/02\/Plascaves-pla-de-les-caves-Castalla-20260228_073012.jpg\" alt=\"Environnement rural traditionnel pr\u00e8s de Castalla\" class=\"wp-image-4608\" srcset=\"https:\/\/casaruralcastalla.com\/fr\/wp-content\/uploads\/sites\/4\/2026\/02\/Plascaves-pla-de-les-caves-Castalla-20260228_073012.jpg 1020w, https:\/\/casaruralcastalla.com\/fr\/wp-content\/uploads\/sites\/4\/2026\/02\/Plascaves-pla-de-les-caves-Castalla-20260228_073012-300x169.jpg 300w, https:\/\/casaruralcastalla.com\/fr\/wp-content\/uploads\/sites\/4\/2026\/02\/Plascaves-pla-de-les-caves-Castalla-20260228_073012-768x432.jpg 768w, https:\/\/casaruralcastalla.com\/fr\/wp-content\/uploads\/sites\/4\/2026\/02\/Plascaves-pla-de-les-caves-Castalla-20260228_073012-892x502.jpg 892w\" sizes=\"(max-width: 1020px) 100vw, 1020px\" \/><\/figure>\n\n\n\n<hr class=\"wp-block-separator has-alpha-channel-opacity\"\/>\n\n\n\n<h2 class=\"wp-block-heading\">Une escapade diff\u00e9rente \u00e0 Castalla<\/h2>\n\n\n\n<p class=\"wp-block-paragraph\">Apr\u00e8s avoir parcouru le Pla de les Caves et vous \u00eatre laiss\u00e9 gagner par la s\u00e9r\u00e9nit\u00e9 des lieux, rien de mieux que de prolonger l\u2019exp\u00e9rience au c\u0153ur du centre historique.<\/p>\n\n\n\n<p class=\"wp-block-paragraph\">Castalla marie nature, patrimoine et tradition. Monter jusqu\u2019<a href=\"https:\/\/casaruralcastalla.com\/fr\/blog\/chateau-de-castalla-routes-vinalopo\/\">au ch\u00e2teau<\/a>, savourer la cuisine locale ou simplement d\u00e9crocher du rythme quotidien font partie d\u2019une escapade qui va bien au-del\u00e0 d\u2019un simple lieu o\u00f9 dormir.<\/p>\n\n\n\n<p class=\"wp-block-paragraph\">Pour qui souhaite plonger dans cette exp\u00e9rience de l\u2019int\u00e9rieur avec confort et authenticit\u00e9, disposer d\u2019un h\u00e9bergement accueillant et bien situ\u00e9 change tout. Un week-end \u00e0 Castalla peut devenir l\u2019occasion de red\u00e9couvrir le calme, le paysage et l\u2019histoire qui battent encore dans des lieux comme Plascaves. Pour cela, nous vous recommandons la <strong>Casa Rural Castalla<\/strong>. <a href=\"https:\/\/casaruralcastalla.com\/fr\/contact\/\">\u00c9crivez-nous<\/a> et nous vous aiderons \u00e0 pr\u00e9parer un itin\u00e9raire dans la r\u00e9gion.<\/p>\n\n\n\n<hr class=\"wp-block-separator has-alpha-channel-opacity\"\/>\n\n\n\n<p class=\"wp-block-paragraph\">L\u2019arri\u00e8re-pays d\u2019Alicante garde des secrets qui ne se livrent qu\u2019\u00e0 ceux qui l\u2019explorent sans se presser. Le Pla de les Caves en fait partie. Et Castalla en est le point de d\u00e9part id\u00e9al.<\/p>\n\n\n\n<h2 class=\"wp-block-heading\">\u2753 Questions fr\u00e9quentes sur le Pla de les Caves (Plascaves)<\/h2>\n\n\n\n<div class=\"wp-block-getwid-accordion has-icon-left\" data-active-element=\"none\">\n<div class=\"wp-block-getwid-accordion__header-wrapper\"><span class=\"wp-block-getwid-accordion__header\"><a href=\"#\"><span class=\"wp-block-getwid-accordion__header-title\">O\u00f9 se trouve le Pla de les Caves \u00e0 Castalla&nbsp;?<\/span><span class=\"wp-block-getwid-accordion__icon is-active\"><i class=\"fas fa-plus\"><\/i><\/span><span class=\"wp-block-getwid-accordion__icon is-passive\"><i class=\"fas fa-minus\"><\/i><\/span><\/a><\/span><\/div><div class=\"wp-block-getwid-accordion__content-wrapper\"><div class=\"wp-block-getwid-accordion__content\">\n<p class=\"wp-block-paragraph\">Le Pla de les Caves, \u00e9galement appel\u00e9 Plascaves, se situe sur la commune de Castalla, dans la province d\u2019Alicante. C\u2019est une zone rurale de l\u2019arri\u00e8re-pays, entour\u00e9e de paysages agricoles traditionnels et toute proche des sentiers de randonn\u00e9e et d\u2019espaces naturels comme Xorret de Cat\u00ed et la Sierra del Maigm\u00f3.<\/p>\n<\/div><\/div>\n\n\n\n<div class=\"wp-block-getwid-accordion__header-wrapper\"><span class=\"wp-block-getwid-accordion__header\"><a href=\"#\"><span class=\"wp-block-getwid-accordion__header-title\">Que signifie \u00ab&nbsp;Pla de les Caves&nbsp;\u00bb (Plascaves)&nbsp;?<br><\/span><span class=\"wp-block-getwid-accordion__icon is-active\"><i class=\"fas fa-plus\"><\/i><\/span><span class=\"wp-block-getwid-accordion__icon is-passive\"><i class=\"fas fa-minus\"><\/i><\/span><\/a><\/span><\/div><div class=\"wp-block-getwid-accordion__content-wrapper\"><div class=\"wp-block-getwid-accordion__content\">\n<p class=\"wp-block-paragraph\">Le nom renvoie \u00e0 d\u2019anciennes constructions ou \u00e0 des espaces de stockage li\u00e9s au travail agricole. \u00ab&nbsp;Caves&nbsp;\u00bb d\u00e9signe les cavit\u00e9s ou structures utilis\u00e9es autrefois pour conserver les produits ou les outils des champs&nbsp;: un reflet de la tradition rurale de la zone.<\/p>\n<\/div><\/div>\n\n\n\n<div class=\"wp-block-getwid-accordion__header-wrapper\"><span class=\"wp-block-getwid-accordion__header\"><a href=\"#\"><span class=\"wp-block-getwid-accordion__header-title\">Que peut-on faire \u00e0 Plascaves&nbsp;?<\/span><span class=\"wp-block-getwid-accordion__icon is-active\"><i class=\"fas fa-plus\"><\/i><\/span><span class=\"wp-block-getwid-accordion__icon is-passive\"><i class=\"fas fa-minus\"><\/i><\/span><\/a><\/span><\/div><div class=\"wp-block-getwid-accordion__content-wrapper\"><div class=\"wp-block-getwid-accordion__content\">\n<p class=\"wp-block-paragraph\">Plascaves se pr\u00eate aux promenades tranquilles, aux sorties \u00e0 v\u00e9lo et \u00e0 la randonn\u00e9e facile. C\u2019est un lieu parfait pour profiter du silence et de la nature, et pour comprendre ce qu\u2019\u00e9tait la vie agricole traditionnelle dans l\u2019arri\u00e8re-pays d\u2019Alicante.<\/p>\n<\/div><\/div>\n\n\n\n<div class=\"wp-block-getwid-accordion__header-wrapper\"><span class=\"wp-block-getwid-accordion__header\"><a href=\"#\"><span class=\"wp-block-getwid-accordion__header-title\">Castalla vaut-elle le d\u00e9tour pour un week-end&nbsp;?<\/span><span class=\"wp-block-getwid-accordion__icon is-active\"><i class=\"fas fa-plus\"><\/i><\/span><span class=\"wp-block-getwid-accordion__icon is-passive\"><i class=\"fas fa-minus\"><\/i><\/span><\/a><\/span><\/div><div class=\"wp-block-getwid-accordion__content-wrapper\"><div class=\"wp-block-getwid-accordion__content\">\n<p class=\"wp-block-paragraph\">Oui. Castalla est une destination parfaite pour une escapade dans les terres. Elle r\u00e9unit nature, patrimoine historique comme le ch\u00e2teau de Castalla, gastronomie locale et itin\u00e9raires en plein air. Id\u00e9ale pour d\u00e9crocher sans trop s\u2019\u00e9loigner de la c\u00f4te.<\/p>\n<\/div><\/div>\n\n\n\n<div class=\"wp-block-getwid-accordion__header-wrapper\"><span class=\"wp-block-getwid-accordion__header\"><a href=\"#\"><span class=\"wp-block-getwid-accordion__header-title\">Quels autres lieux visiter pr\u00e8s du Pla de les Caves&nbsp;?<\/span><span class=\"wp-block-getwid-accordion__icon is-active\"><i class=\"fas fa-plus\"><\/i><\/span><span class=\"wp-block-getwid-accordion__icon is-passive\"><i class=\"fas fa-minus\"><\/i><\/span><\/a><\/span><\/div><div class=\"wp-block-getwid-accordion__content-wrapper\"><div class=\"wp-block-getwid-accordion__content\">\n<p class=\"wp-block-paragraph\">Outre Plascaves, vous pouvez visiter le ch\u00e2teau de Castalla, le centre historique, Xorret de Cat\u00ed, la Sierra del Maigm\u00f3, et profiter des itin\u00e9raires VTT et de randonn\u00e9e de la comarque de la Foia de Castalla, la cuvette int\u00e9rieure o\u00f9 s\u2019\u00e9tend le village.<\/p>\n<\/div><\/div>\n\n\n\n<div class=\"wp-block-getwid-accordion__header-wrapper\"><span class=\"wp-block-getwid-accordion__header\"><a href=\"#\"><span class=\"wp-block-getwid-accordion__header-title\">Pourquoi choisir l\u2019arri\u00e8re-pays d\u2019Alicante plut\u00f4t que la c\u00f4te&nbsp;?<\/span><span class=\"wp-block-getwid-accordion__icon is-active\"><i class=\"fas fa-plus\"><\/i><\/span><span class=\"wp-block-getwid-accordion__icon is-passive\"><i class=\"fas fa-minus\"><\/i><\/span><\/a><\/span><\/div><div class=\"wp-block-getwid-accordion__content-wrapper\"><div class=\"wp-block-getwid-accordion__content\">\n<p class=\"wp-block-paragraph\">L\u2019int\u00e9rieur offre la tranquillit\u00e9, l\u2019authenticit\u00e9 et un contact direct avec la nature. Il est parfait pour qui recherche un tourisme plus lent, moins fr\u00e9quent\u00e9 et plus riche en culture et en paysages.<\/p>\n<\/div><\/div>\n\n\n\n<div class=\"wp-block-getwid-accordion__header-wrapper\"><span class=\"wp-block-getwid-accordion__header\"><a href=\"#\"><span class=\"wp-block-getwid-accordion__header-title\">Quelle est la meilleure p\u00e9riode pour visiter le Pla de les Caves&nbsp;?<\/span><span class=\"wp-block-getwid-accordion__icon is-active\"><i class=\"fas fa-plus\"><\/i><\/span><span class=\"wp-block-getwid-accordion__icon is-passive\"><i class=\"fas fa-minus\"><\/i><\/span><\/a><\/span><\/div><div class=\"wp-block-getwid-accordion__content-wrapper\"><div class=\"wp-block-getwid-accordion__content\">\n<p class=\"wp-block-paragraph\">Le printemps et l\u2019automne sont particuli\u00e8rement agr\u00e9ables&nbsp;: temp\u00e9ratures douces et paysage \u00e0 son meilleur. Cela dit, le climat de l\u2019arri\u00e8re-pays d\u2019Alicante permet de profiter de la zone une grande partie de l\u2019ann\u00e9e.<\/p>\n<\/div><\/div>\n<\/div>\n\n\n\n<h2 class=\"wp-block-heading\">\ud83e\udde0 Guide express du Pla de les Caves (Plascaves) \u2013 Castalla<\/h2>\n\n\n\n<hr class=\"wp-block-separator has-alpha-channel-opacity\"\/>\n\n\n\n<h2 class=\"wp-block-heading\">Qu\u2019est-ce que le Pla de les Caves \u00e0 Castalla&nbsp;?<\/h2>\n\n\n\n<p class=\"wp-block-paragraph\">Le Pla de les Caves, aussi appel\u00e9 Plascaves, est une zone rurale situ\u00e9e sur la commune de Castalla (Alicante). C\u2019est un espace historiquement li\u00e9 \u00e0 l\u2019agriculture s\u00e8che traditionnelle, o\u00f9 l\u2019on observe encore d\u2019anciennes constructions li\u00e9es au stockage et au travail de la terre.<\/p>\n\n\n\n<p class=\"wp-block-paragraph\">C\u2019est aujourd\u2019hui un lieu paisible, id\u00e9al pour se promener et d\u00e9couvrir l\u2019histoire rurale de l\u2019arri\u00e8re-pays d\u2019Alicante.<\/p>\n\n\n\n<hr class=\"wp-block-separator has-alpha-channel-opacity\"\/>\n\n\n\n<h2 class=\"wp-block-heading\">Pourquoi Plascaves m\u00e9rite-t-il une visite&nbsp;?<\/h2>\n\n\n\n<p class=\"wp-block-paragraph\">Parce qu\u2019il donne \u00e0 voir une facette moins connue de Castalla&nbsp;:<\/p>\n\n\n\n<ul class=\"wp-block-list\">\n<li>Un paysage agricole traditionnel<\/li>\n\n\n\n<li>Un cadre naturel sans foule<\/li>\n\n\n\n<li>Une histoire locale li\u00e9e au travail des champs<\/li>\n\n\n\n<li>Une zone id\u00e9ale pour les promenades et les itin\u00e9raires faciles<\/li>\n<\/ul>\n\n\n\n<p class=\"wp-block-paragraph\">C\u2019est un lieu parfait pour qui cherche un tourisme authentique et tranquille dans l\u2019arri\u00e8re-pays d\u2019Alicante.<\/p>\n\n\n\n<hr class=\"wp-block-separator has-alpha-channel-opacity\"\/>\n\n\n\n<h2 class=\"wp-block-heading\">Quel type de s\u00e9jour convient le mieux \u00e0 cette zone&nbsp;?<\/h2>\n\n\n\n<p class=\"wp-block-paragraph\">Plascaves rel\u00e8ve du tourisme d\u2019int\u00e9rieur, id\u00e9al pour&nbsp;:<\/p>\n\n\n\n<ul class=\"wp-block-list\">\n<li>Les escapades de week-end<\/li>\n\n\n\n<li>La randonn\u00e9e et la nature<\/li>\n\n\n\n<li>Le tourisme culturel et rural<\/li>\n\n\n\n<li>Les voyageurs en qu\u00eate de d\u00e9connexion<\/li>\n\n\n\n<li>Les amoureux du paysage m\u00e9diterran\u00e9en<\/li>\n<\/ul>\n\n\n\n<p class=\"wp-block-paragraph\">Ce n\u2019est pas une destination de grandes infrastructures, mais d\u2019exp\u00e9riences simples et vraies.<\/p>\n\n\n\n<hr class=\"wp-block-separator has-alpha-channel-opacity\"\/>\n\n\n\n<h2 class=\"wp-block-heading\">Combien de temps faut-il pr\u00e9voir pour la visite&nbsp;?<\/h2>\n\n\n\n<p class=\"wp-block-paragraph\">La visite s\u2019int\u00e8gre facilement dans une demi-journ\u00e9e, avec&nbsp;:<\/p>\n\n\n\n<ul class=\"wp-block-list\">\n<li>Le ch\u00e2teau de Castalla<\/li>\n\n\n\n<li>Une promenade dans le centre historique<\/li>\n\n\n\n<li>Les itin\u00e9raires de Xorret de Cat\u00ed<\/li>\n\n\n\n<li>La gastronomie locale traditionnelle<\/li>\n<\/ul>\n\n\n\n<p class=\"wp-block-paragraph\">C\u2019est l\u2019\u00e9tape id\u00e9ale d\u2019une escapade compl\u00e8te dans l\u2019arri\u00e8re-pays de la province.<\/p>\n\n\n\n<hr class=\"wp-block-separator has-alpha-channel-opacity\"\/>\n\n\n\n<h2 class=\"wp-block-heading\">L\u2019arri\u00e8re-pays d\u2019Alicante vaut-il le d\u00e9placement&nbsp;?<\/h2>\n\n\n\n<p class=\"wp-block-paragraph\">Oui. L\u2019int\u00e9rieur offre&nbsp;:<\/p>\n\n\n\n<ul class=\"wp-block-list\">\n<li>Moins de tourisme de masse<\/li>\n\n\n\n<li>Des paysages de montagne<\/li>\n\n\n\n<li>Un climat agr\u00e9able une grande partie de l\u2019ann\u00e9e<\/li>\n\n\n\n<li>Une culture et des traditions authentiques<\/li>\n\n\n\n<li>La proximit\u00e9 de la c\u00f4te, sans y \u00eatre<\/li>\n<\/ul>\n\n\n\n<p class=\"wp-block-paragraph\">Castalla est l\u2019un des meilleurs points de d\u00e9part pour d\u00e9couvrir cette partie de la province.<\/p>\n\n\n\n<hr class=\"wp-block-separator has-alpha-channel-opacity\"\/>\n\n\n\n<h2 class=\"wp-block-heading\">O\u00f9 loger pour d\u00e9couvrir Plascaves et Castalla&nbsp;?<\/h2>\n\n\n\n<p class=\"wp-block-paragraph\">Pour profiter pleinement du cadre, l\u2019id\u00e9al est de <a href=\"https:\/\/casaruralcastalla.com\/fr\/\">loger dans le centre historique de Castalla<\/a>, d\u2019o\u00f9 l\u2019on acc\u00e8de ais\u00e9ment au patrimoine culturel comme aux itin\u00e9raires naturels des alentours.<\/p>\n\n\n\n<p class=\"wp-block-paragraph\">Une escapade de deux ou trois jours permet de d\u00e9couvrir Plascaves en prenant son temps, de parcourir le ch\u00e2teau, de go\u00fbter la cuisine locale et de savourer la tranquillit\u00e9 de l\u2019int\u00e9rieur des terres.<\/p>\n\n\n\n<div class=\"rank-math-contact-info show-name show-organization_description show-email show-address show-hours show-phone show-additional_info show-map\"><div class=\"rank-math-contact-section rank-math-contact-name\">\t\t<h4 class=\"rank-math-name\">\n\t\t\t<a href=\"https:\/\/casaruralcastalla.com\/fr\">Casa Rural Castalla<\/a>\n\t\t<\/h4>\n\t\t<\/div><div class=\"rank-math-contact-section rank-math-contact-organization_description\"><\/div><div class=\"rank-math-contact-section rank-math-contact-email\">\t\t<div class=\"rank-math-email\">\n\t\t\t<label>E-mail\u00a0:<\/label>\n\t\t\t<a href=\"mailto:hola@casaruralcastalla.com\">hola@casaruralcastalla.com<\/a>\n\t\t<\/div>\n\t\t<\/div><div class=\"rank-math-contact-section rank-math-contact-address\">\t\t<label>Adresse\u00a0:<\/label>\n\t\t<address><span class=\"contact-address-streetAddress\">Carrer Major 33<\/span> <span class=\"contact-address-addressLocality\">Castalla<\/span>, <span class=\"contact-address-addressRegion\">Alicante<\/span> <span class=\"contact-address-postalCode\">03420<\/span><\/address>\n\t\t<\/div><div class=\"rank-math-contact-section rank-math-contact-hours\">\t\t<label>Heures\u00a0:<\/label>\n\t\t<div class=\"rank-math-contact-hours-details\">\n\t\t\t<div class=\"rank-math-opening-hours\"><span class=\"rank-math-opening-days\">lundi, mardi, mercredi, jeudi, vendredi, samedi, dimanche<\/span><span class=\"rank-math-opening-time\">00:00 &ndash; 23:59<\/span><\/div>\t\t<\/div>\n\t\t<\/div><div class=\"rank-math-contact-section rank-math-contact-phone\">\t\t\t<div class=\"rank-math-phone-number type-reservations\">\n\t\t\t\t<label>R\u00e9servations:<\/label>\n\t\t\t\t<span><a href=\"tel:+34 601 994 695\">+34 601 994 695<\/a><\/span>\n\t\t\t<\/div>\n\t\t\t<\/div><div class=\"rank-math-contact-section rank-math-contact-additional_info\"><\/div><div class=\"rank-math-contact-section rank-math-contact-map\"><\/div><\/div><div class=\"clear\"><\/div>\n\n\n\n<div class=\"wp-block-group cta-castalla-reserva has-background\" style=\"border-radius:12px;background-color:#f4ede2;margin-top:3rem;margin-bottom:3rem;padding-top:3rem;padding-right:2rem;padding-bottom:3rem;padding-left:2rem\"><div class=\"wp-block-group__inner-container is-layout-constrained wp-container-core-group-is-layout-8f4013b1 wp-block-group-is-layout-constrained\">\n<h3 class=\"wp-block-heading has-text-align-center\">Pr\u00eat \u00e0 d\u00e9couvrir l&#8217;arri\u00e8re-pays d&#8217;Alicante ?<\/h3>\n\n\n\n<p class=\"has-text-align-center wp-block-paragraph\">R\u00e9servez votre s\u00e9jour \u00e0 <strong>Casa Rural Castalla<\/strong> et prenez le temps de d\u00e9couvrir Plascaves, le ch\u00e2teau de Castalla ou la Sierra del Maigm\u00f3. Votre escapade dans l&#8217;arri\u00e8re-pays alicantin commence ici.<\/p>\n\n\n\n<div class=\"wp-block-buttons is-content-justification-center is-layout-flex wp-container-core-buttons-is-layout-fe48e5de wp-block-buttons-is-layout-flex\">\n<div class=\"wp-block-button\"><a class=\"wp-block-button__link wp-element-button\" href=\"https:\/\/wa.me\/34601994695?text=Bonjour%21%20Je%20voudrais%20conna%C3%AEtre%20les%20disponibilit%C3%A9s%20%C3%A0%20Casa%20Rural%20Castalla.\" style=\"border-radius:6px\" target=\"_blank\" rel=\"noopener\">V\u00e9rifier les disponibilit\u00e9s<\/a><\/div>\n\n\n\n<div class=\"wp-block-button is-style-outline is-style-outline--1\"><a class=\"wp-block-button__link wp-element-button\" href=\"https:\/\/casaruralcastalla.com\/fr\/contact\/\" style=\"border-radius:6px\">Nous contacter<\/a><\/div>\n<\/div>\n<\/div><\/div>\n","protected":false},"excerpt":{"rendered":"<p>Parler de Plascaves \u2014&nbsp;que l\u2019on \u00e9crit aussi Pla de les Caves, la forme valencienne d\u2019un seul et m\u00eame nom&nbsp;\u2014 c\u2019est parler de l\u2019un de ces tr\u00e9sors discrets de l\u2019arri\u00e8re-pays d\u2019Alicante qui surprennent d\u00e8s que l\u2019on quitte les itin\u00e9raires les plus fr\u00e9quent\u00e9s. Situ\u00e9 sur la commune de Castalla, \u00e0 35&nbsp;minutes des plages de la Costa Blanca, [&hellip;]<\/p>\n","protected":false},"author":1,"featured_media":4610,"comment_status":"closed","ping_status":"open","sticky":false,"template":"","format":"standard","meta":{"inline_featured_image":false,"_trash_the_other_posts":false,"_monsterinsights_skip_tracking":false,"_joinchat":[],"footnotes":""},"categories":[181,187],"tags":[],"class_list":["post-4606","post","type-post","status-publish","format-standard","has-post-thumbnail","hentry","category-autour-de-castalla","category-plascaves"],"_links":{"self":[{"href":"https:\/\/casaruralcastalla.com\/fr\/wp-json\/wp\/v2\/posts\/4606","targetHints":{"allow":["GET"]}}],"collection":[{"href":"https:\/\/casaruralcastalla.com\/fr\/wp-json\/wp\/v2\/posts"}],"about":[{"href":"https:\/\/casaruralcastalla.com\/fr\/wp-json\/wp\/v2\/types\/post"}],"author":[{"embeddable":true,"href":"https:\/\/casaruralcastalla.com\/fr\/wp-json\/wp\/v2\/users\/1"}],"replies":[{"embeddable":true,"href":"https:\/\/casaruralcastalla.com\/fr\/wp-json\/wp\/v2\/comments?post=4606"}],"version-history":[{"count":3,"href":"https:\/\/casaruralcastalla.com\/fr\/wp-json\/wp\/v2\/posts\/4606\/revisions"}],"predecessor-version":[{"id":5919,"href":"https:\/\/casaruralcastalla.com\/fr\/wp-json\/wp\/v2\/posts\/4606\/revisions\/5919"}],"wp:featuredmedia":[{"embeddable":true,"href":"https:\/\/casaruralcastalla.com\/fr\/wp-json\/wp\/v2\/media\/4610"}],"wp:attachment":[{"href":"https:\/\/casaruralcastalla.com\/fr\/wp-json\/wp\/v2\/media?parent=4606"}],"wp:term":[{"taxonomy":"category","embeddable":true,"href":"https:\/\/casaruralcastalla.com\/fr\/wp-json\/wp\/v2\/categories?post=4606"},{"taxonomy":"post_tag","embeddable":true,"href":"https:\/\/casaruralcastalla.com\/fr\/wp-json\/wp\/v2\/tags?post=4606"}],"curies":[{"name":"wp","href":"https:\/\/api.w.org\/{rel}","templated":true}]}}