{"id":4240,"date":"2025-11-09T17:59:29","date_gmt":"2025-11-09T16:59:29","guid":{"rendered":"https:\/\/casaruralcastalla.com\/fr\/?p=4240"},"modified":"2026-09-05T12:26:17","modified_gmt":"2026-09-05T10:26:17","slug":"chateau-de-castalla-routes-vinalopo","status":"publish","type":"post","link":"https:\/\/casaruralcastalla.com\/fr\/blog\/chateau-de-castalla-routes-vinalopo\/","title":{"rendered":"Ch\u00e2teau de Castalla : histoire, l\u00e9gende et porte d\u2019entr\u00e9e des Routes des ch\u00e2teaux du Vinalop\u00f3"},"content":{"rendered":"\n<p><em>Version audio de cet article (podcast en espagnol).<\/em><\/p>\n<iframe src=\"https:\/\/www.ivoox.com\/player_ej_162323122_6_1.html?c1=8ea29c\" width=\"100%\" height=\"200\" frameborder=\"0\" allowfullscreen=\"\" scrolling=\"no\" loading=\"lazy\"><\/iframe>\n\n\n\n<h2 class=\"wp-block-heading\">Un voyage au c\u0153ur du patrimoine d\u2019Alicante<\/h2>\n\n\n\n<p class=\"wp-block-paragraph\">Dress\u00e9 au-dessus de la <em>Foia de Castalla<\/em> \u2014 la large cuvette int\u00e9rieure o\u00f9 s\u2019\u00e9tend le village \u2014 et visible \u00e0 des kilom\u00e8tres \u00e0 la ronde, le <strong>ch\u00e2teau de Castalla<\/strong> est bien plus qu\u2019une silhouette sur l\u2019horizon&nbsp;: c\u2019est un morceau d\u2019histoire vivante, t\u00e9moin de batailles, de l\u00e9gendes et de reconstructions. Class\u00e9 <em>Bien de Inter\u00e9s Cultural<\/em> (le plus haut niveau de protection du patrimoine en Espagne), l\u2019ensemble r\u00e9sume mille ans d\u2019histoire et constitue l\u2019un des meilleurs points de d\u00e9part pour parcourir les <strong>Routes des ch\u00e2teaux du Vinalop\u00f3<\/strong> (<em>Rutas de los Castillos del Vinalop\u00f3<\/em>), un itin\u00e9raire culturel unique dans l\u2019arri\u00e8re-pays d\u2019Alicante.<\/p>\n\n\n\n<h3 class=\"wp-block-heading\">Un site strat\u00e9gique depuis la pr\u00e9histoire<\/h3>\n\n\n\n<p class=\"wp-block-paragraph\">Du N\u00e9olithique \u00e0 l\u2019\u00e9poque almohade, en passant par les Ib\u00e8res et les Romains, la colline sur laquelle s\u2019\u00e9l\u00e8ve le ch\u00e2teau a vu d\u00e9filer culture apr\u00e8s culture. La forteresse telle que nous la connaissons commence \u00e0 prendre forme au <strong>XI<sup>e<\/sup> si\u00e8cle<\/strong>, sous domination musulmane. Sa conqu\u00eate pacifique par <strong>Jacques I<sup>er<\/sup> d\u2019Aragon<\/strong> puis sa transformation gothique au Moyen \u00c2ge en ont fait une r\u00e9sidence seigneuriale et un bastion militaire de premier plan pendant des si\u00e8cles.<\/p>\n\n\n\n<figure class=\"wp-block-embed aligncenter is-type-video is-provider-youtube wp-block-embed-youtube wp-embed-aspect-16-9 wp-has-aspect-ratio\"><div class=\"wp-block-embed__wrapper\">\n<iframe title=\"Castillo de Castalla desde diferentes horas del d\u00eda,\" width=\"892\" height=\"502\" src=\"https:\/\/www.youtube.com\/embed\/sepH_GJFqsA?feature=oembed\" frameborder=\"0\" allow=\"accelerometer; autoplay; clipboard-write; encrypted-media; gyroscope; picture-in-picture; web-share\" referrerpolicy=\"strict-origin-when-cross-origin\" allowfullscreen><\/iframe>\n<\/div><\/figure>\n\n\n\n<h3 class=\"wp-block-heading\">Trois espaces, une forteresse&nbsp;: une architecture qui a une \u00e2me<\/h3>\n\n\n\n<p class=\"wp-block-paragraph\">Le ch\u00e2teau se divise en trois espaces bien d\u00e9finis&nbsp;:<\/p>\n\n\n\n<ul class=\"wp-block-list\">\n<li><strong>El Palau<\/strong> (le palais)&nbsp;: r\u00e9sidence nobiliaire des XIV<sup>e<\/sup>-XV<sup>e<\/sup> si\u00e8cles, avec ses tours circulaires et sa cour int\u00e9rieure.<\/li>\n\n\n\n<li><strong>El Patio de Armas<\/strong> (la place d\u2019armes)&nbsp;: un <em>albacar<\/em> islamique, enceinte ext\u00e9rieure fortifi\u00e9e qui abritait des structures d\u00e9fensives et domestiques.<\/li>\n\n\n\n<li><strong>La Torre Grossa<\/strong> (la grande tour)&nbsp;: un donjon monumental du XVI<sup>e<\/sup> si\u00e8cle, symbole de r\u00e9sistance face aux incursions venues de la M\u00e9diterran\u00e9e.<\/li>\n<\/ul>\n\n\n\n<p class=\"wp-block-paragraph\">Gr\u00e2ce \u00e0 une restauration exemplaire achev\u00e9e en 2006, c\u2019est aujourd\u2019hui l\u2019un des ch\u00e2teaux les mieux conserv\u00e9s de la province d\u2019Alicante, avec des espaces mis en valeur et des panneaux explicatifs.<\/p>\n\n\n\n<h3 class=\"wp-block-heading\">Th\u00e9\u00e2tre de batailles et de l\u00e9gendes<\/h3>\n\n\n\n<p class=\"wp-block-paragraph\">Le ch\u00e2teau n\u2019a pas seulement travers\u00e9 la <em>Reconquista<\/em>&nbsp;: il fut aussi le th\u00e9\u00e2tre de deux batailles pendant la <strong>guerre d\u2019Ind\u00e9pendance espagnole<\/strong> (<em>Guerra de la Independencia<\/em>, la guerre d\u2019Espagne contre Napol\u00e9on), en 1812 et 1813. Son histoire se m\u00eale en outre aux l\u00e9gendes locales&nbsp;: le tr\u00e9sor cach\u00e9, l\u2019\u00e9cole des Maures dans la citerne ou la statue du Christ, disparue, qui couronnait autrefois la Torre Grossa.<\/p>\n\n\n<div class=\"wp-block-image\">\n<figure class=\"aligncenter size-large\"><img decoding=\"async\" width=\"1024\" height=\"576\" src=\"https:\/\/casaruralcastalla.com\/fr\/wp-content\/uploads\/sites\/4\/2025\/11\/Castillo-de-Castlala-Rutas-de-castillos-del-Vinalopo-2-1024x576.jpg\" alt=\"Ch\u00e2teau de Castalla, point de d\u00e9part des Routes des ch\u00e2teaux du Vinalop\u00f3 dans l\u2019arri\u00e8re-pays d\u2019Alicante\" class=\"wp-image-4243\" srcset=\"https:\/\/casaruralcastalla.com\/fr\/wp-content\/uploads\/sites\/4\/2025\/11\/Castillo-de-Castlala-Rutas-de-castillos-del-Vinalopo-2-1024x576.jpg 1024w, https:\/\/casaruralcastalla.com\/fr\/wp-content\/uploads\/sites\/4\/2025\/11\/Castillo-de-Castlala-Rutas-de-castillos-del-Vinalopo-2-300x169.jpg 300w, https:\/\/casaruralcastalla.com\/fr\/wp-content\/uploads\/sites\/4\/2025\/11\/Castillo-de-Castlala-Rutas-de-castillos-del-Vinalopo-2-768x432.jpg 768w, https:\/\/casaruralcastalla.com\/fr\/wp-content\/uploads\/sites\/4\/2025\/11\/Castillo-de-Castlala-Rutas-de-castillos-del-Vinalopo-2-892x502.jpg 892w, https:\/\/casaruralcastalla.com\/fr\/wp-content\/uploads\/sites\/4\/2025\/11\/Castillo-de-Castlala-Rutas-de-castillos-del-Vinalopo-2.jpg 1344w\" sizes=\"(max-width: 1024px) 100vw, 1024px\" \/><\/figure>\n<\/div>\n\n\n<h3 class=\"wp-block-heading\">La porte d\u2019entr\u00e9e des Routes du Vinalop\u00f3<\/h3>\n\n\n\n<p class=\"wp-block-paragraph\">Le <strong>ch\u00e2teau de Castalla<\/strong> fait partie des c\u00e9l\u00e8bres <strong>Routes des ch\u00e2teaux du Vinalop\u00f3<\/strong>, qui relient les forteresses de Banyeres \u00e0 Santa Pola. Sa position centrale en fait le point id\u00e9al pour commencer cette aventure culturelle. De l\u00e0, vous pouvez rejoindre les forteresses s\u0153urs de Biar, Villena ou Sax et parcourir des si\u00e8cles d\u2019architecture d\u00e9fensive sans jamais faire de longs trajets.<\/p>\n\n\n\n<h3 class=\"wp-block-heading\">Visitez-le et faites de votre s\u00e9jour un souvenir<\/h3>\n\n\n\n<ul class=\"wp-block-list\">\n<li>\ud83d\udd52 <strong>Horaires<\/strong>&nbsp;: du vendredi au dimanche, de 10 h \u00e0 14 h. <a href=\"https:\/\/www.turismocastalla.com\/castallaNew\/web_php\/index.php?contenido=fichaPoi&amp;idPoi=5&amp;id=1&amp;idNivel=2897&amp;mode=folder&amp;order=asc&amp;title=castillo\" target=\"_blank\" rel=\"noopener\">V\u00e9rifiez les horaires en vigueur aupr\u00e8s de l\u2019office de tourisme de Castalla<\/a> avant de partir.<\/li>\n\n\n\n<li>\ud83c\udf9f\ufe0f <strong>Tarifs<\/strong>&nbsp;: 3&nbsp;\u20ac plein tarif et 2&nbsp;\u20ac tarif r\u00e9duit<a href=\"https:\/\/www.turismocastalla.com\/castallaNew\/web_php\/index.php?contenido=fichaPoi&amp;idPoi=5&amp;id=1&amp;idNivel=2897&amp;mode=folder&amp;order=asc&amp;title=castillo\" target=\"_blank\" rel=\"noopener\">. (\u00c0 confirmer aupr\u00e8s de l\u2019office de tourisme de Castalla.)<\/a><\/li>\n\n\n\n<li>\ud83d\udccd <strong>Acc\u00e8s<\/strong>&nbsp;: depuis l\u2019<strong>Ermita de la Sang<\/strong>, la petite chapelle en contrebas, la mont\u00e9e se fait \u00e0 pied par un chemin pav\u00e9.<\/li>\n\n\n\n<li>\ud83d\udc40 <strong>Panorama<\/strong>&nbsp;: une vue \u00e0 360\u00b0 sur la <em>Foia de Castalla<\/em>.<\/li>\n\n\n\n<li>\ud83d\uddfa\ufe0f <strong>Activit\u00e9s<\/strong>&nbsp;: visites guid\u00e9es, visites th\u00e9\u00e2tralis\u00e9es et visites nocturnes en haute saison.<\/li>\n<\/ul>\n\n\n\n<figure class=\"wp-block-embed aligncenter is-type-video is-provider-youtube wp-block-embed-youtube wp-embed-aspect-16-9 wp-has-aspect-ratio\"><div class=\"wp-block-embed__wrapper\">\n<iframe title=\"Castillo de Castalla: Informaci\u00f3n + Rutas del Vinalop\u00f3\" width=\"892\" height=\"502\" src=\"https:\/\/www.youtube.com\/embed\/U2_Pwr0Uq8U?feature=oembed\" frameborder=\"0\" allow=\"accelerometer; autoplay; clipboard-write; encrypted-media; gyroscope; picture-in-picture; web-share\" referrerpolicy=\"strict-origin-when-cross-origin\" allowfullscreen><\/iframe>\n<\/div><\/figure>\n\n\n\n<h3 class=\"wp-block-heading\">S\u00e9journer \u00e0 la Casa Rural Castalla&nbsp;: le camp de base id\u00e9al<\/h3>\n\n\n\n<p class=\"wp-block-paragraph\">Envie de transformer votre visite du ch\u00e2teau en v\u00e9ritable escapade&nbsp;? La <strong><a href=\"https:\/\/casaruralcastalla.com\/fr\/\">Casa Rural Castalla<\/a><\/strong>, en plein centre historique et \u00e0 quelques minutes \u00e0 pied du ch\u00e2teau, est l\u2019endroit parfait pour se reposer apr\u00e8s la visite. De l\u00e0, vous pourrez poursuivre les <strong>Routes des ch\u00e2teaux du Vinalop\u00f3<\/strong> sans longs trajets, ou troquer l\u2019histoire contre la montagne sur l\u2019une des <a href=\"https:\/\/casaruralcastalla.com\/fr\/randonnees-castalla\/\">randonn\u00e9es autour de Castalla<\/a>. Vivez l\u2019histoire de l\u2019int\u00e9rieur, dans une maison de caract\u00e8re, avec une hospitalit\u00e9 authentique et la nature \u00e0 la porte.<\/p>\n\n\n\n<div class=\"wp-block-buttons is-content-justification-center is-layout-flex wp-container-core-buttons-is-layout-fe48e5de wp-block-buttons-is-layout-flex\">\n<div class=\"wp-block-button\"><a class=\"wp-block-button__link wp-element-button\" href=\"https:\/\/wa.me\/34601994695?text=Bonjour%21%20Je%20souhaite%20conna%C3%AEtre%20les%20disponibilit%C3%A9s%20de%20la%20Casa%20Rural%20Castalla%20pour%20une%20visite%20du%20ch%C3%A2teau%20de%20Castalla.\" target=\"_blank\" rel=\"noopener\">Demander les disponibilit\u00e9s de la Casa Rural Castalla<\/a><\/div>\n<\/div>\n\n\n\n<p class=\"wp-block-paragraph\"><\/p>\n\n\n\n<div class=\"wp-block-group cta-castalla-reserva has-background\" style=\"border-radius:12px;background-color:#f4ede2;margin-top:3rem;margin-bottom:3rem;padding-top:3rem;padding-right:2rem;padding-bottom:3rem;padding-left:2rem\"><div class=\"wp-block-group__inner-container is-layout-constrained wp-container-core-group-is-layout-8f4013b1 wp-block-group-is-layout-constrained\">\n<h3 class=\"wp-block-heading has-text-align-center\">Pr\u00eat \u00e0 d\u00e9couvrir l&#8217;arri\u00e8re-pays d&#8217;Alicante ?<\/h3>\n\n\n\n<p class=\"has-text-align-center wp-block-paragraph\">R\u00e9servez votre s\u00e9jour \u00e0 <strong>Casa Rural Castalla<\/strong> et prenez le temps de d\u00e9couvrir Plascaves, le ch\u00e2teau de Castalla ou la Sierra del Maigm\u00f3. Votre escapade dans l&#8217;arri\u00e8re-pays alicantin commence ici.<\/p>\n\n\n\n<div class=\"wp-block-buttons is-content-justification-center is-layout-flex wp-container-core-buttons-is-layout-fe48e5de wp-block-buttons-is-layout-flex\">\n<div class=\"wp-block-button\"><a class=\"wp-block-button__link wp-element-button\" href=\"https:\/\/wa.me\/34601994695?text=Bonjour%21%20Je%20voudrais%20conna%C3%AEtre%20les%20disponibilit%C3%A9s%20%C3%A0%20Casa%20Rural%20Castalla.\" style=\"border-radius:6px\" target=\"_blank\" rel=\"noopener\">V\u00e9rifier les disponibilit\u00e9s<\/a><\/div>\n\n\n\n<div class=\"wp-block-button is-style-outline is-style-outline--1\"><a class=\"wp-block-button__link wp-element-button\" href=\"https:\/\/casaruralcastalla.com\/fr\/contact\/\" style=\"border-radius:6px\">Nous contacter<\/a><\/div>\n<\/div>\n<\/div><\/div>\n","protected":false},"excerpt":{"rendered":"<p>Version audio de cet article (podcast en espagnol). Un voyage au c\u0153ur du patrimoine d\u2019Alicante Dress\u00e9 au-dessus de la Foia de Castalla \u2014 la large cuvette int\u00e9rieure o\u00f9 s\u2019\u00e9tend le village \u2014 et visible \u00e0 des kilom\u00e8tres \u00e0 la ronde, le ch\u00e2teau de Castalla est bien plus qu\u2019une silhouette sur l\u2019horizon&nbsp;: c\u2019est un morceau d\u2019histoire [&hellip;]<\/p>\n","protected":false},"author":1,"featured_media":4245,"comment_status":"closed","ping_status":"open","sticky":false,"template":"","format":"standard","meta":{"inline_featured_image":false,"_trash_the_other_posts":false,"_monsterinsights_skip_tracking":false,"_joinchat":[],"footnotes":""},"categories":[174,1],"tags":[],"class_list":["post-4240","post","type-post","status-publish","format-standard","has-post-thumbnail","hentry","category-decouvrir-castalla","category-non-classe"],"_links":{"self":[{"href":"https:\/\/casaruralcastalla.com\/fr\/wp-json\/wp\/v2\/posts\/4240","targetHints":{"allow":["GET"]}}],"collection":[{"href":"https:\/\/casaruralcastalla.com\/fr\/wp-json\/wp\/v2\/posts"}],"about":[{"href":"https:\/\/casaruralcastalla.com\/fr\/wp-json\/wp\/v2\/types\/post"}],"author":[{"embeddable":true,"href":"https:\/\/casaruralcastalla.com\/fr\/wp-json\/wp\/v2\/users\/1"}],"replies":[{"embeddable":true,"href":"https:\/\/casaruralcastalla.com\/fr\/wp-json\/wp\/v2\/comments?post=4240"}],"version-history":[{"count":3,"href":"https:\/\/casaruralcastalla.com\/fr\/wp-json\/wp\/v2\/posts\/4240\/revisions"}],"predecessor-version":[{"id":5918,"href":"https:\/\/casaruralcastalla.com\/fr\/wp-json\/wp\/v2\/posts\/4240\/revisions\/5918"}],"wp:featuredmedia":[{"embeddable":true,"href":"https:\/\/casaruralcastalla.com\/fr\/wp-json\/wp\/v2\/media\/4245"}],"wp:attachment":[{"href":"https:\/\/casaruralcastalla.com\/fr\/wp-json\/wp\/v2\/media?parent=4240"}],"wp:term":[{"taxonomy":"category","embeddable":true,"href":"https:\/\/casaruralcastalla.com\/fr\/wp-json\/wp\/v2\/categories?post=4240"},{"taxonomy":"post_tag","embeddable":true,"href":"https:\/\/casaruralcastalla.com\/fr\/wp-json\/wp\/v2\/tags?post=4240"}],"curies":[{"name":"wp","href":"https:\/\/api.w.org\/{rel}","templated":true}]}}