{"id":2602,"date":"2025-04-06T11:30:16","date_gmt":"2025-04-06T09:30:16","guid":{"rendered":"https:\/\/casaruralcastalla.com\/fr\/?p=2602"},"modified":"2026-09-05T12:25:56","modified_gmt":"2026-09-05T10:25:56","slug":"cova-de-mossen-frances-grotte-maigmo","status":"publish","type":"post","link":"https:\/\/casaruralcastalla.com\/fr\/blog\/cova-de-mossen-frances-grotte-maigmo\/","title":{"rendered":"La Cova de Moss\u00e9n Franc\u00e9s : histoire, nature et l\u00e9gende dans la Sierra del Maigm\u00f3"},"content":{"rendered":"\n<p class=\"wp-block-paragraph\"><em>Note&nbsp;: le podcast ci-dessous est en espagnol. L\u2019article complet, lui, se lit en fran\u00e7ais juste en dessous.<\/em><\/p>\n\n\n\n<iframe src=\"https:\/\/www.ivoox.com\/player_ej_159167196_6_1.html?c1=72857f\" width=\"100%\" height=\"200\" frameborder=\"0\" allowfullscreen=\"\" scrolling=\"no\" loading=\"lazy\"><\/iframe>\n\n\n\n\n<p class=\"wp-block-paragraph\">La <strong>Cova de Moss\u00e9n Franc\u00e9s<\/strong>, sur le versant de la <strong>Sierra del Maigm\u00f3<\/strong> (Alicante), est un de ces endroits o\u00f9 la nature, l\u2019histoire et la l\u00e9gende s\u2019entrem\u00ealent presque magiquement. Perch\u00e9e \u00e0 plus de 1&nbsp;100&nbsp;m\u00e8tres d\u2019altitude, aux abords du site du <strong>Xorret de Cat\u00ed<\/strong>, cette grotte naturelle offre non seulement un paysage de premier ordre, mais aussi un r\u00e9cit qui traverse des si\u00e8cles d\u2019usages, de croyances et de traditions locales. <\/p>\n\n\n\n<p class=\"wp-block-paragraph\">Pour qui veut s\u2019\u00e9loigner du bruit de la ville et plonger dans l\u2019essence de l\u2019arri\u00e8re-pays d\u2019Alicante, voil\u00e0 une aventure qui m\u00eale <strong>randonn\u00e9e, culture et nature<\/strong>. Et si vous cherchez un point de d\u00e9part chaleureux et authentique, <strong>Casa Rural Castalla<\/strong> est l\u2019option parfaite&nbsp;: de la maison, la <em>cova<\/em> (la grotte, en valencien) est \u00e0 quelques minutes de voiture, puis \u00e0 une marche qui r\u00e9veille tous les sens.<\/p>\n\n\n\n<hr class=\"wp-block-separator has-alpha-channel-opacity\"\/>\n\n\n\n<h3 class=\"wp-block-heading\">Une grotte qui porte un nom (et un cur\u00e9 explosif) \ud83d\udd73\ufe0f\ud83d\udca5\ud83d\udcd6<\/h3>\n\n\n\n<p class=\"wp-block-paragraph\">Son nom \u00e9veille aussit\u00f4t la curiosit\u00e9. \u00ab&nbsp;<strong>Moss\u00e9n<\/strong>&nbsp;\u00bb est un titre honorifique valencien autrefois donn\u00e9 aux pr\u00eatres, et \u00ab&nbsp;<strong>Franc\u00e9s<\/strong>&nbsp;\u00bb pouvait \u00eatre aussi bien un nom qu\u2019un surnom. La l\u00e9gende raconte que cet homme d\u2019\u00c9glise, amateur de chasse au furet, finit par employer de la dynamite pour tenter de r\u00e9cup\u00e9rer l\u2019un de ses animaux r\u00e9fugi\u00e9 sous terre. Le r\u00e9sultat fut surprenant&nbsp;: non seulement il retrouva son furet, mais il mit au jour l\u2019entr\u00e9e d\u2019une impressionnante grotte calcaire. Ainsi naquit la Cova de Moss\u00e9n Franc\u00e9s, dans une histoire qui m\u00eale humour, hasard et une pointe d\u2019irr\u00e9v\u00e9rence eccl\u00e9siastique.<\/p>\n\n\n\n<figure class=\"wp-block-image size-large\"><img decoding=\"async\" width=\"1024\" height=\"576\" src=\"https:\/\/casaruralcastalla.com\/fr\/wp-content\/uploads\/sites\/4\/2025\/04\/20250406_091915-1-1-1024x576.jpg\" alt=\"Panorama depuis le belv\u00e9d\u00e8re de la Cova de Moss\u00e9n Franc\u00e9s, avec les montagnes et les vall\u00e9es de la Sierra del Maigm\u00f3.\" class=\"wp-image-2604\" srcset=\"https:\/\/casaruralcastalla.com\/fr\/wp-content\/uploads\/sites\/4\/2025\/04\/20250406_091915-1-1-1024x576.jpg 1024w, https:\/\/casaruralcastalla.com\/fr\/wp-content\/uploads\/sites\/4\/2025\/04\/20250406_091915-1-1-300x169.jpg 300w, https:\/\/casaruralcastalla.com\/fr\/wp-content\/uploads\/sites\/4\/2025\/04\/20250406_091915-1-1-768x432.jpg 768w, https:\/\/casaruralcastalla.com\/fr\/wp-content\/uploads\/sites\/4\/2025\/04\/20250406_091915-1-1-892x502.jpg 892w, https:\/\/casaruralcastalla.com\/fr\/wp-content\/uploads\/sites\/4\/2025\/04\/20250406_091915-1-1.jpg 1199w\" sizes=\"(max-width: 1024px) 100vw, 1024px\" \/><\/figure>\n\n\n\n<hr class=\"wp-block-separator has-alpha-channel-opacity\"\/>\n\n\n\n<h3 class=\"wp-block-heading\">G\u00e9ographie et environnement&nbsp;: un balcon naturel \ud83c\udfde\ufe0f\ud83c\udf04\ud83d\udd26<\/h3>\n\n\n\n<p class=\"wp-block-paragraph\">La grotte se trouve \u00e0 environ 1&nbsp;160&nbsp;m\u00e8tres d\u2019altitude, avec des vues spectaculaires sur la <strong>vall\u00e9e de Cat\u00ed<\/strong>, la <strong>Foia de Castalla<\/strong> (la cuvette int\u00e9rieure o\u00f9 s\u2019\u00e9tend le village) et la <strong>Sierra del Cid<\/strong> toute proche. On y acc\u00e8de par le sentier <strong>PR-CV 31<\/strong>, une boucle d\u2019environ 8&nbsp;kilom\u00e8tres qui part de l\u2019aire de loisirs du Xorret de Cat\u00ed. La cavit\u00e9 est facile d\u2019acc\u00e8s pour un randonneur en condition physique correcte et ne demande aucun mat\u00e9riel technique&nbsp;: sa galerie horizontale d\u2019une trentaine de m\u00e8tres se parcourt \u00e0 pied, m\u00eame si une lampe torche est vivement recommand\u00e9e pour s\u2019y engager en s\u00e9curit\u00e9.<\/p>\n\n\n\n<p class=\"wp-block-paragraph\">Depuis l\u2019entr\u00e9e de la grotte, en partie taill\u00e9e jadis \u00e0 l\u2019explosif, s\u2019ouvre un espace au sol plat et au plafond haut, qui t\u00e9moigne d\u2019une longue occupation humaine.<\/p>\n\n\n\n<hr class=\"wp-block-separator has-alpha-channel-opacity\"\/>\n\n\n\n<h3 class=\"wp-block-heading\">L\u2019histoire vivante dans la roche de la <strong>Cova de Moss\u00e9n Franc\u00e9s<\/strong> \ud83d\udd6f\ufe0f\ud83d\udcdc\ud83e\uddf1<\/h3>\n\n\n\n<p class=\"wp-block-paragraph\">Au-del\u00e0 de la l\u00e9gende du cur\u00e9 chasseur, l\u2019usage de la <strong>Cova de Moss\u00e9n Franc\u00e9s<\/strong> par les <strong>bergers<\/strong>, qui l\u2019am\u00e9nag\u00e8rent pour s\u2019y abriter avec leurs troupeaux, est document\u00e9. Le sol nivel\u00e9 et les restes de foyers anciens racontent sa fonction de refuge contre le froid et les orages. <\/p>\n\n\n\n<p class=\"wp-block-paragraph\">Il existe m\u00eame des indices d\u2019occupation \u00e0 l\u2019\u00e9poque <strong>andalouse<\/strong>, et l\u2019on <strong>suppose<\/strong> \u2014 sans que ce soit \u00e9tabli \u2014 qu\u2019elle aurait pu servir de <strong>refuge \u00e0 des brigands<\/strong> ou \u00e0 des <em><strong>maquis<\/strong><\/em> (les gu\u00e9rilleros antifranquistes de l\u2019apr\u00e8s-guerre) au XIX<sup>e<\/sup> si\u00e8cle et durant l\u2019apr\u00e8s-guerre. Ce m\u00e9lange de fonctions fait de la <em>cova<\/em> une v\u00e9ritable archive de pierre de l\u2019histoire rurale et sociale de la comarque.<\/p>\n\n\n\n<hr class=\"wp-block-separator has-alpha-channel-opacity\"\/>\n\n\n\n<figure class=\"wp-block-image size-large\"><img decoding=\"async\" width=\"768\" height=\"1024\" src=\"https:\/\/casaruralcastalla.com\/fr\/wp-content\/uploads\/sites\/4\/2025\/04\/20250406_091731-1-1-e1743931597651-768x1024.jpg\" alt=\"Int\u00e9rieur myst\u00e9rieux de la Cova de Moss\u00e9n Franc\u00e9s, jeux d\u2019ombres et de lumi\u00e8res sur les formations rocheuses.\" class=\"wp-image-2605\" srcset=\"https:\/\/casaruralcastalla.com\/fr\/wp-content\/uploads\/sites\/4\/2025\/04\/20250406_091731-1-1-e1743931597651-768x1024.jpg 768w, https:\/\/casaruralcastalla.com\/fr\/wp-content\/uploads\/sites\/4\/2025\/04\/20250406_091731-1-1-e1743931597651-225x300.jpg 225w, https:\/\/casaruralcastalla.com\/fr\/wp-content\/uploads\/sites\/4\/2025\/04\/20250406_091731-1-1-e1743931597651-892x1189.jpg 892w, https:\/\/casaruralcastalla.com\/fr\/wp-content\/uploads\/sites\/4\/2025\/04\/20250406_091731-1-1-e1743931597651.jpg 900w\" sizes=\"(max-width: 768px) 100vw, 768px\" \/><\/figure>\n\n\n\n<h3 class=\"wp-block-heading\">Flore et faune&nbsp;: la biodiversit\u00e9 m\u00e9diterran\u00e9enne \ud83c\udf3f\ud83e\udd89\ud83c\udf1e<\/h3>\n\n\n\n<p class=\"wp-block-paragraph\">Les abords de la grotte sont un exemple vivant de <strong>for\u00eat m\u00e9diterran\u00e9enne<\/strong> bien conserv\u00e9e. Pins d\u2019Alep, ch\u00eanes verts, thyms, romarins et cistes composent une mosa\u00efque v\u00e9g\u00e9tale qui change au fil des saisons. Au printemps, l\u2019air se charge de parfums de fleurs&nbsp;; en automne, les tons ocre gagnent le paysage.<\/p>\n\n\n\n<p class=\"wp-block-paragraph\">C\u00f4t\u00e9 faune, on remarque le <strong>mouflon \u00e0 manchettes<\/strong>, le <strong>sanglier<\/strong>, la <strong>genette<\/strong>, le <strong>renard<\/strong> et des oiseaux comme le <strong>grand-duc d\u2019Europe<\/strong>, le <strong>faucon p\u00e8lerin<\/strong> ou le <strong>busard cendr\u00e9<\/strong>. Un paradis pour les amateurs d\u2019ornithologie et de photographie de nature. <\/p>\n\n\n\n<hr class=\"wp-block-separator has-alpha-channel-opacity\"\/>\n\n\n\n<h3 class=\"wp-block-heading\"><a href=\"https:\/\/errederuta.com\/\" data-type=\"link\" data-id=\"https:\/\/errederuta.com\/\" target=\"_blank\" rel=\"noopener\">Randonner avec l\u2019histoire<\/a> \ud83e\udd7e\ud83d\uddfa\ufe0f\ud83c\udfd4\ufe0f<\/h3>\n\n\n\n<p class=\"wp-block-paragraph\">Le PR-CV 31 ne m\u00e8ne pas seulement \u00e0 la <strong>Cova de Moss\u00e9n Franc\u00e9s<\/strong>&nbsp;: il offre des belv\u00e9d\u00e8res, des aires de repos et la possibilit\u00e9 d\u2019encha\u00eener avec d\u2019autres curiosit\u00e9s comme le <strong>Pou de Neu de Planisses<\/strong>, un ancien puits \u00e0 neige o\u00f9 l\u2019on stockait la glace avant l\u2019invention du froid artificiel. Le Xorret de Cat\u00ed, par ailleurs, est un passage habituel des \u00e9tapes du <strong>Tour d\u2019Espagne<\/strong>, ce qui ajoute un int\u00e9r\u00eat suppl\u00e9mentaire pour les cyclistes et les passionn\u00e9s. \ud83d\udeb5\u200d\u2642\ufe0f\ud83c\udfc1\ud83d\udccd<\/p>\n\n\n\n<p class=\"wp-block-paragraph\">Depuis <strong><a href=\"https:\/\/casaruralcastalla.com\/fr\/\">Casa Rural Castalla<\/a><\/strong>, l\u2019acc\u00e8s au Xorret de Cat\u00ed est rapide et facile. Nous vous aidons \u00e0 pr\u00e9parer votre randonn\u00e9e du matin, \u00e0 emporter un pique-nique et \u00e0 rentrer \u00e0 la maison pour vous d\u00e9tendre au salon, faire un jeu de soci\u00e9t\u00e9 ou pr\u00e9parer un d\u00eener avec des produits locaux. \ud83c\udf7d\ufe0f\ud83d\udecb\ufe0f\ud83c\udf77<\/p>\n\n\n\n<hr class=\"wp-block-separator has-alpha-channel-opacity\"\/>\n\n\n\n<h3 class=\"wp-block-heading\">Conseils pour la visite \ud83e\udde2\ud83e\udded\ud83e\uddf4<\/h3>\n\n\n\n<ul class=\"wp-block-list\">\n<li><strong>Meilleure saison<\/strong>&nbsp;: le printemps et l\u2019automne, pour la douceur du climat et les couleurs du paysage.<\/li>\n\n\n\n<li><strong>\u00c9quipement<\/strong>&nbsp;: chaussures de montagne, eau, lampe torche et un v\u00eatement chaud, m\u00eame en \u00e9t\u00e9.<\/li>\n\n\n\n<li><strong>Prudence<\/strong>&nbsp;: ne vous approchez pas du bord sans faire attention, surtout avec des enfants.<\/li>\n\n\n\n<li><strong>Respect du site<\/strong>&nbsp;: ne laissez aucun d\u00e9chet, ne touchez pas \u00e0 la v\u00e9g\u00e9tation et ne d\u00e9rangez pas les animaux.<\/li>\n<\/ul>\n\n\n\n<hr class=\"wp-block-separator has-alpha-channel-opacity\"\/>\n\n\n\n<h3 class=\"wp-block-heading\">Plus qu\u2019une excursion&nbsp;: une exp\u00e9rience compl\u00e8te \u2728\ud83e\uddf3\ud83c\udf92<\/h3>\n\n\n\n<p class=\"wp-block-paragraph\">Visiter la Cova de Moss\u00e9n Franc\u00e9s, c\u2019est bien plus que suivre un sentier&nbsp;: c\u2019est entrer en contact avec l\u2019histoire, avec les traditions de la montagne alicantine et avec des paysages qui ont \u00e9t\u00e9, des si\u00e8cles durant, les t\u00e9moins silencieux de la vie rurale. <\/p>\n\n\n\n<p class=\"wp-block-paragraph\"><strong><a href=\"https:\/\/casaruralcastalla.com\/fr\/\">Casa Rural Castalla<\/a><\/strong>, id\u00e9alement situ\u00e9e dans le centre historique du village, est l\u2019h\u00e9bergement parfait pour compl\u00e9ter cette exp\u00e9rience. Son atmosph\u00e8re chaleureuse, sa proximit\u00e9 des sentiers et son engagement pour la durabilit\u00e9 en font le point de d\u00e9part id\u00e9al pour explorer la richesse du Maigm\u00f3. \ud83c\udfe1\ud83d\udcab\ud83c\udf04<\/p>\n\n\n\n<hr class=\"wp-block-separator has-alpha-channel-opacity\"\/>\n\n\n\n<p class=\"wp-block-paragraph\"><strong>Qu\u2019attendez-vous pour d\u00e9couvrir ce tr\u00e9sor entre les montagnes&nbsp;?<\/strong> La <strong>Cova de Moss\u00e9n Franc\u00e9s<\/strong> vous attend avec son histoire explosive, ses paysages de carte postale et une l\u00e9gende qui r\u00e9sonne encore entre les pierres. \ud83e\udde8\ud83d\udcf7\ud83d\udd0d<\/p>\n\n\n\n<p class=\"wp-block-paragraph\">R\u00e9servez votre s\u00e9jour \u00e0 <strong><a href=\"https:\/\/casaruralcastalla.com\/fr\/contact\/\">Casa Rural Castalla<\/a><\/strong> et pr\u00e9parez-vous \u00e0 une aventure dont vous vous souviendrez longtemps. \ud83d\udcbc\ud83c\udf3f\ud83c\udf1f<\/p>\n\n\n\n<p class=\"wp-block-paragraph\"><\/p>\n\n\n\n<div class=\"wp-block-group cta-castalla-reserva has-background\" style=\"border-radius:12px;background-color:#f4ede2;margin-top:3rem;margin-bottom:3rem;padding-top:3rem;padding-right:2rem;padding-bottom:3rem;padding-left:2rem\"><div class=\"wp-block-group__inner-container is-layout-constrained wp-container-core-group-is-layout-8f4013b1 wp-block-group-is-layout-constrained\">\n<h3 class=\"wp-block-heading has-text-align-center\">Pr\u00eat \u00e0 d\u00e9couvrir l&#8217;arri\u00e8re-pays d&#8217;Alicante ?<\/h3>\n\n\n\n<p class=\"has-text-align-center wp-block-paragraph\">R\u00e9servez votre s\u00e9jour \u00e0 <strong>Casa Rural Castalla<\/strong> et prenez le temps de d\u00e9couvrir Plascaves, le ch\u00e2teau de Castalla ou la Sierra del Maigm\u00f3. Votre escapade dans l&#8217;arri\u00e8re-pays alicantin commence ici.<\/p>\n\n\n\n<div class=\"wp-block-buttons is-content-justification-center is-layout-flex wp-container-core-buttons-is-layout-fe48e5de wp-block-buttons-is-layout-flex\">\n<div class=\"wp-block-button\"><a class=\"wp-block-button__link wp-element-button\" href=\"https:\/\/wa.me\/34601994695?text=Bonjour%21%20Je%20voudrais%20conna%C3%AEtre%20les%20disponibilit%C3%A9s%20%C3%A0%20Casa%20Rural%20Castalla.\" style=\"border-radius:6px\" target=\"_blank\" rel=\"noopener\">V\u00e9rifier les disponibilit\u00e9s<\/a><\/div>\n\n\n\n<div class=\"wp-block-button is-style-outline is-style-outline--1\"><a class=\"wp-block-button__link wp-element-button\" href=\"https:\/\/casaruralcastalla.com\/fr\/contact\/\" style=\"border-radius:6px\">Nous contacter<\/a><\/div>\n<\/div>\n<\/div><\/div>\n","protected":false},"excerpt":{"rendered":"<p>Note&nbsp;: le podcast ci-dessous est en espagnol. L\u2019article complet, lui, se lit en fran\u00e7ais juste en dessous. La Cova de Moss\u00e9n Franc\u00e9s, sur le versant de la Sierra del Maigm\u00f3 (Alicante), est un de ces endroits o\u00f9 la nature, l\u2019histoire et la l\u00e9gende s\u2019entrem\u00ealent presque magiquement. Perch\u00e9e \u00e0 plus de 1&nbsp;100&nbsp;m\u00e8tres d\u2019altitude, aux abords du [&hellip;]<\/p>\n","protected":false},"author":1,"featured_media":2603,"comment_status":"closed","ping_status":"closed","sticky":false,"template":"","format":"standard","meta":{"inline_featured_image":false,"_trash_the_other_posts":false,"_monsterinsights_skip_tracking":false,"_joinchat":[],"footnotes":""},"categories":[1,178],"tags":[],"class_list":["post-2602","post","type-post","status-publish","format-standard","has-post-thumbnail","hentry","category-non-classe","category-randonnee"],"_links":{"self":[{"href":"https:\/\/casaruralcastalla.com\/fr\/wp-json\/wp\/v2\/posts\/2602","targetHints":{"allow":["GET"]}}],"collection":[{"href":"https:\/\/casaruralcastalla.com\/fr\/wp-json\/wp\/v2\/posts"}],"about":[{"href":"https:\/\/casaruralcastalla.com\/fr\/wp-json\/wp\/v2\/types\/post"}],"author":[{"embeddable":true,"href":"https:\/\/casaruralcastalla.com\/fr\/wp-json\/wp\/v2\/users\/1"}],"replies":[{"embeddable":true,"href":"https:\/\/casaruralcastalla.com\/fr\/wp-json\/wp\/v2\/comments?post=2602"}],"version-history":[{"count":3,"href":"https:\/\/casaruralcastalla.com\/fr\/wp-json\/wp\/v2\/posts\/2602\/revisions"}],"predecessor-version":[{"id":5917,"href":"https:\/\/casaruralcastalla.com\/fr\/wp-json\/wp\/v2\/posts\/2602\/revisions\/5917"}],"wp:featuredmedia":[{"embeddable":true,"href":"https:\/\/casaruralcastalla.com\/fr\/wp-json\/wp\/v2\/media\/2603"}],"wp:attachment":[{"href":"https:\/\/casaruralcastalla.com\/fr\/wp-json\/wp\/v2\/media?parent=2602"}],"wp:term":[{"taxonomy":"category","embeddable":true,"href":"https:\/\/casaruralcastalla.com\/fr\/wp-json\/wp\/v2\/categories?post=2602"},{"taxonomy":"post_tag","embeddable":true,"href":"https:\/\/casaruralcastalla.com\/fr\/wp-json\/wp\/v2\/tags?post=2602"}],"curies":[{"name":"wp","href":"https:\/\/api.w.org\/{rel}","templated":true}]}}