{"id":2266,"date":"2025-02-15T13:13:32","date_gmt":"2025-02-15T12:13:32","guid":{"rendered":"https:\/\/casaruralcastalla.com\/fr\/?p=2266"},"modified":"2026-09-05T12:25:36","modified_gmt":"2026-09-05T10:25:36","slug":"barranc-del-pla-de-les-coves-randonnee","status":"publish","type":"post","link":"https:\/\/casaruralcastalla.com\/fr\/blog\/barranc-del-pla-de-les-coves-randonnee\/","title":{"rendered":"Le Barranc del Pla de les Coves : randonn\u00e9e dans l\u2019arri\u00e8re-pays d\u2019Alicante"},"content":{"rendered":"\n<p class=\"wp-block-paragraph\">Si vous aimez la nature et la randonn\u00e9e, la comarque de l\u2019Alcoi\u00e0, dans l\u2019arri\u00e8re-pays d\u2019Alicante, abrite un site naturel que vous ne pouvez pas manquer&nbsp;: le <strong>Barranc del Pla de les Coves<\/strong> (un <em>barranc<\/em> est un ravin creus\u00e9 par les eaux de pluie). Situ\u00e9 entre les communes de Tibi et de Castalla, ce lieu fait partie du relief spectaculaire de la zone, entour\u00e9 de sierras majestueuses comme celles de l\u2019Arguenya, de Castalla et du Maigm\u00f3. Au-del\u00e0 de sa beaut\u00e9 naturelle, le ravin offre un lien unique avec l\u2019histoire et la tradition agricole de la r\u00e9gion.<\/p>\n\n\n\n<figure class=\"wp-block-image size-full\"><img decoding=\"async\" width=\"1020\" height=\"765\" src=\"https:\/\/casaruralcastalla.com\/fr\/wp-content\/uploads\/sites\/4\/2025\/02\/Barranc-del-Pla-del-es-Coves-Xorret-de-Cati20250215_091055.jpg\" alt=\"Barranc del Pla de les Coves, entre Tibi et Castalla\" class=\"wp-image-2270\" srcset=\"https:\/\/casaruralcastalla.com\/fr\/wp-content\/uploads\/sites\/4\/2025\/02\/Barranc-del-Pla-del-es-Coves-Xorret-de-Cati20250215_091055.jpg 1020w, https:\/\/casaruralcastalla.com\/fr\/wp-content\/uploads\/sites\/4\/2025\/02\/Barranc-del-Pla-del-es-Coves-Xorret-de-Cati20250215_091055-300x225.jpg 300w, https:\/\/casaruralcastalla.com\/fr\/wp-content\/uploads\/sites\/4\/2025\/02\/Barranc-del-Pla-del-es-Coves-Xorret-de-Cati20250215_091055-768x576.jpg 768w, https:\/\/casaruralcastalla.com\/fr\/wp-content\/uploads\/sites\/4\/2025\/02\/Barranc-del-Pla-del-es-Coves-Xorret-de-Cati20250215_091055-892x669.jpg 892w\" sizes=\"(max-width: 1020px) 100vw, 1020px\" \/><\/figure>\n\n\n\n<h3 class=\"wp-block-heading\"><strong>Un parcours dans l\u2019histoire et la g\u00e9ographie du secteur<\/strong><\/h3>\n\n\n\n<p class=\"wp-block-paragraph\">Le <strong>Barranc del Pla de les Coves<\/strong> est un accident g\u00e9ographique singulier devenu un point de rep\u00e8re pour les randonneurs et les amateurs d\u2019aventure. Aux alentours se dressent des <em>mas\u00edas<\/em> historiques \u2014&nbsp;les fermes traditionnelles de la r\u00e9gion&nbsp;\u2014 comme Cases de Planisses, le <em>Mas del Pla de les Caves de Baix<\/em> et le <em>Mas del Pla de les Caves de Dalt<\/em>, t\u00e9moins silencieux de la tradition agricole et pastorale du secteur. Ces anciennes constructions refl\u00e8tent le mode de vie rural qui s\u2019est perp\u00e9tu\u00e9 de g\u00e9n\u00e9ration en g\u00e9n\u00e9ration dans ce coin de la Communaut\u00e9 valencienne.<\/p>\n\n\n\n<p class=\"wp-block-paragraph\">L\u2019alternance de terrains plats et de reliefs montagneux cr\u00e9e ici un cadre parfait pour la randonn\u00e9e, avec des itin\u00e9raires qui m\u00e8nent au c\u0153ur m\u00eame de la nature m\u00e9diterran\u00e9enne. Le parcours offre des paysages d\u2019une grande valeur \u00e9cologique, avec une flore et une faune autochtones qui enrichissent l\u2019exp\u00e9rience.<\/p>\n\n\n\n<figure class=\"wp-block-image size-full\"><img decoding=\"async\" width=\"1020\" height=\"765\" src=\"https:\/\/casaruralcastalla.com\/fr\/wp-content\/uploads\/sites\/4\/2025\/02\/Barranc-del-Pla-del-es-Coves-Xorret-de-Cati20250215_091039.jpg\" alt=\"Sentier de randonn\u00e9e dans le Barranc del Pla de les Coves\" class=\"wp-image-2268\" srcset=\"https:\/\/casaruralcastalla.com\/fr\/wp-content\/uploads\/sites\/4\/2025\/02\/Barranc-del-Pla-del-es-Coves-Xorret-de-Cati20250215_091039.jpg 1020w, https:\/\/casaruralcastalla.com\/fr\/wp-content\/uploads\/sites\/4\/2025\/02\/Barranc-del-Pla-del-es-Coves-Xorret-de-Cati20250215_091039-300x225.jpg 300w, https:\/\/casaruralcastalla.com\/fr\/wp-content\/uploads\/sites\/4\/2025\/02\/Barranc-del-Pla-del-es-Coves-Xorret-de-Cati20250215_091039-768x576.jpg 768w, https:\/\/casaruralcastalla.com\/fr\/wp-content\/uploads\/sites\/4\/2025\/02\/Barranc-del-Pla-del-es-Coves-Xorret-de-Cati20250215_091039-892x669.jpg 892w\" sizes=\"(max-width: 1020px) 100vw, 1020px\" \/><\/figure>\n\n\n\n<h3 class=\"wp-block-heading\"><strong>Randonn\u00e9e&nbsp;: du Barranc del Pla de les Coves au Xorret de Cat\u00ed<\/strong><\/h3>\n\n\n\n<p class=\"wp-block-paragraph\">Pour qui cherche une aventure accessible mais pleine de beaut\u00e9, nous vous proposons un itin\u00e9raire de <strong>9,69&nbsp;km avec 201&nbsp;m\u00e8tres de d\u00e9nivel\u00e9 positif<\/strong>, class\u00e9 comme facile sur le plan technique. La travers\u00e9e d\u00e9marre au <strong>Xorret de Cat\u00ed<\/strong> et parcourt le <em>Barranc del Pla de les Coves<\/em>, avec des panoramas inoubliables.<\/p>\n\n\n\n<p class=\"wp-block-paragraph\"><strong>Alt del Barranc del Pla de les Coves<\/strong> \u2013 \u00e0 <strong>1&nbsp;088&nbsp;m\u00e8tres d\u2019altitude<\/strong>, c\u2019est un belv\u00e9d\u00e8re naturel spectaculaire d\u2019o\u00f9 l\u2019on d\u00e9couvre&nbsp;:<\/p>\n\n\n\n<ul class=\"wp-block-list\">\n<li>Tibi et son barrage, l\u2019un des plus anciens d\u2019Europe encore en service.<\/li>\n\n\n\n<li>Ibi, le berceau du jouet en Espagne.<\/li>\n\n\n\n<li>Et, par temps clair, la mer M\u00e9diterran\u00e9e \u00e0 l\u2019horizon.<\/li>\n<\/ul>\n\n\n\n<p class=\"wp-block-paragraph\">Cette zone, entour\u00e9e de <em>mas\u00edas<\/em> historiques et d\u2019un environnement montagneux unique, est id\u00e9ale pour les amoureux de la nature, de la randonn\u00e9e et de la photographie.<\/p>\n\n\n\n<p class=\"wp-block-paragraph\">Pendant la marche, vous admirerez le contraste entre les vall\u00e9es et les sierras, en profitant de l\u2019air pur et du calme des lieux. Le point d\u2019arriv\u00e9e de l\u2019itin\u00e9raire est le <strong>Xorret de Cat\u00ed<\/strong>, un site naturel spectaculaire dot\u00e9 d\u2019aires de repos et de belv\u00e9d\u00e8res qui laissent appr\u00e9cier toute la grandeur de la montagne alicantine. Ce lieu, r\u00e9f\u00e9rence des randonneurs et des v\u00e9t\u00e9tistes, se pr\u00eate aussi bien \u00e0 un pique-nique en plein air qu\u2019\u00e0 un simple moment de d\u00e9tente dans un cadre privil\u00e9gi\u00e9.<\/p>\n\n\n\n<figure class=\"wp-block-image size-full\"><img decoding=\"async\" width=\"1020\" height=\"765\" src=\"https:\/\/casaruralcastalla.com\/fr\/wp-content\/uploads\/sites\/4\/2025\/02\/Barranc-del-Pla-del-es-Coves-Xorret-de-Cati20250215_091117-1.jpg\" alt=\"Belv\u00e9d\u00e8re du Barranc del Pla de les Coves, au Xorret de Cat\u00ed\" class=\"wp-image-2269\" srcset=\"https:\/\/casaruralcastalla.com\/fr\/wp-content\/uploads\/sites\/4\/2025\/02\/Barranc-del-Pla-del-es-Coves-Xorret-de-Cati20250215_091117-1.jpg 1020w, https:\/\/casaruralcastalla.com\/fr\/wp-content\/uploads\/sites\/4\/2025\/02\/Barranc-del-Pla-del-es-Coves-Xorret-de-Cati20250215_091117-1-300x225.jpg 300w, https:\/\/casaruralcastalla.com\/fr\/wp-content\/uploads\/sites\/4\/2025\/02\/Barranc-del-Pla-del-es-Coves-Xorret-de-Cati20250215_091117-1-768x576.jpg 768w, https:\/\/casaruralcastalla.com\/fr\/wp-content\/uploads\/sites\/4\/2025\/02\/Barranc-del-Pla-del-es-Coves-Xorret-de-Cati20250215_091117-1-892x669.jpg 892w\" sizes=\"(max-width: 1020px) 100vw, 1020px\" \/><\/figure>\n\n\n\n<h3 class=\"wp-block-heading\"><strong>Vivez l\u2019exp\u00e9rience avec Casa Rural Castalla<\/strong><\/h3>\n\n\n\n<p class=\"wp-block-paragraph\">Explorer le <strong>Barranc del Pla de les Coves<\/strong> n\u2019est que le d\u00e9but d\u2019une escapade en pleine nature. Depuis <strong>Casa Rural Castalla<\/strong>, nous vous aidons \u00e0 pr\u00e9parer votre itin\u00e9raire pour profiter au maximum de chaque recoin de ce magnifique environnement. Notre <a href=\"https:\/\/casaruralcastalla.com\/fr\/\">maison, situ\u00e9e au c\u0153ur de Castalla<\/a>, est le point de d\u00e9part id\u00e9al pour d\u00e9couvrir la richesse des paysages, de la culture et de la gastronomie du secteur.<\/p>\n\n\n\n<p class=\"wp-block-paragraph\">Profitez de votre s\u00e9jour pour associer aventure et confort dans une maison rurale pleine de charme, o\u00f9 vous vous reposerez apr\u00e8s une journ\u00e9e d\u2019exploration. Nous vous donnons \u00e9galement des recommandations personnalis\u00e9es et des services adapt\u00e9s \u00e0 vos besoins pour que votre escapade reste inoubliable.<\/p>\n\n\n\n<h3 class=\"wp-block-heading\"><strong>R\u00e9servez votre escapade d\u00e8s maintenant<\/strong><\/h3>\n\n\n\n<p class=\"wp-block-paragraph\">Si vous \u00eates passionn\u00e9 de nature, de randonn\u00e9e et d\u2019histoire, le <strong>Barranc del Pla de les Coves<\/strong> et le <strong>Xorret de Cat\u00ed<\/strong> vous attendent. Ne manquez pas l\u2019occasion de vivre une exp\u00e9rience unique \u00e0 Castalla. \u00c9crivez-nous et laissez <strong>Casa Rural Castalla<\/strong> organiser votre aventure&nbsp;!<\/p>\n\n\n\n<h2 class=\"wp-block-heading has-text-align-center\"><strong><a href=\"https:\/\/casaruralcastalla.com\/fr\/contact\/\">R\u00e9servez d\u00e8s maintenant et pr\u00e9parez-vous \u00e0 explorer la montagne alicantine la plus authentique.<\/a><\/strong><\/h2>\n\n\n\n<div class=\"wp-block-group cta-castalla-reserva has-background\" style=\"border-radius:12px;background-color:#f4ede2;margin-top:3rem;margin-bottom:3rem;padding-top:3rem;padding-right:2rem;padding-bottom:3rem;padding-left:2rem\"><div class=\"wp-block-group__inner-container is-layout-constrained wp-container-core-group-is-layout-8f4013b1 wp-block-group-is-layout-constrained\">\n<h3 class=\"wp-block-heading has-text-align-center\">Pr\u00eat \u00e0 d\u00e9couvrir l&#8217;arri\u00e8re-pays d&#8217;Alicante ?<\/h3>\n\n\n\n<p class=\"has-text-align-center wp-block-paragraph\">R\u00e9servez votre s\u00e9jour \u00e0 <strong>Casa Rural Castalla<\/strong> et prenez le temps de d\u00e9couvrir Plascaves, le ch\u00e2teau de Castalla ou la Sierra del Maigm\u00f3. Votre escapade dans l&#8217;arri\u00e8re-pays alicantin commence ici.<\/p>\n\n\n\n<div class=\"wp-block-buttons is-content-justification-center is-layout-flex wp-container-core-buttons-is-layout-fe48e5de wp-block-buttons-is-layout-flex\">\n<div class=\"wp-block-button\"><a class=\"wp-block-button__link wp-element-button\" href=\"https:\/\/wa.me\/34601994695?text=Bonjour%21%20Je%20voudrais%20conna%C3%AEtre%20les%20disponibilit%C3%A9s%20%C3%A0%20Casa%20Rural%20Castalla.\" style=\"border-radius:6px\" target=\"_blank\" rel=\"noopener\">V\u00e9rifier les disponibilit\u00e9s<\/a><\/div>\n\n\n\n<div class=\"wp-block-button is-style-outline is-style-outline--1\"><a class=\"wp-block-button__link wp-element-button\" href=\"https:\/\/casaruralcastalla.com\/fr\/contact\/\" style=\"border-radius:6px\">Nous contacter<\/a><\/div>\n<\/div>\n<\/div><\/div>\n","protected":false},"excerpt":{"rendered":"<p>Si vous aimez la nature et la randonn\u00e9e, la comarque de l\u2019Alcoi\u00e0, dans l\u2019arri\u00e8re-pays d\u2019Alicante, abrite un site naturel que vous ne pouvez pas manquer&nbsp;: le Barranc del Pla de les Coves (un barranc est un ravin creus\u00e9 par les eaux de pluie). Situ\u00e9 entre les communes de Tibi et de Castalla, ce lieu fait [&hellip;]<\/p>\n","protected":false},"author":1,"featured_media":2267,"comment_status":"closed","ping_status":"closed","sticky":false,"template":"","format":"standard","meta":{"inline_featured_image":false,"_trash_the_other_posts":false,"_monsterinsights_skip_tracking":false,"_joinchat":[],"footnotes":""},"categories":[181,184,183],"tags":[],"class_list":["post-2266","post","type-post","status-publish","format-standard","has-post-thumbnail","hentry","category-autour-de-castalla","category-barranc-del-pla-de-les-coves","category-xorret-de-cati"],"_links":{"self":[{"href":"https:\/\/casaruralcastalla.com\/fr\/wp-json\/wp\/v2\/posts\/2266","targetHints":{"allow":["GET"]}}],"collection":[{"href":"https:\/\/casaruralcastalla.com\/fr\/wp-json\/wp\/v2\/posts"}],"about":[{"href":"https:\/\/casaruralcastalla.com\/fr\/wp-json\/wp\/v2\/types\/post"}],"author":[{"embeddable":true,"href":"https:\/\/casaruralcastalla.com\/fr\/wp-json\/wp\/v2\/users\/1"}],"replies":[{"embeddable":true,"href":"https:\/\/casaruralcastalla.com\/fr\/wp-json\/wp\/v2\/comments?post=2266"}],"version-history":[{"count":3,"href":"https:\/\/casaruralcastalla.com\/fr\/wp-json\/wp\/v2\/posts\/2266\/revisions"}],"predecessor-version":[{"id":5916,"href":"https:\/\/casaruralcastalla.com\/fr\/wp-json\/wp\/v2\/posts\/2266\/revisions\/5916"}],"wp:featuredmedia":[{"embeddable":true,"href":"https:\/\/casaruralcastalla.com\/fr\/wp-json\/wp\/v2\/media\/2267"}],"wp:attachment":[{"href":"https:\/\/casaruralcastalla.com\/fr\/wp-json\/wp\/v2\/media?parent=2266"}],"wp:term":[{"taxonomy":"category","embeddable":true,"href":"https:\/\/casaruralcastalla.com\/fr\/wp-json\/wp\/v2\/categories?post=2266"},{"taxonomy":"post_tag","embeddable":true,"href":"https:\/\/casaruralcastalla.com\/fr\/wp-json\/wp\/v2\/tags?post=2266"}],"curies":[{"name":"wp","href":"https:\/\/api.w.org\/{rel}","templated":true}]}}