{"id":4606,"date":"2026-02-28T10:58:24","date_gmt":"2026-02-28T09:58:24","guid":{"rendered":"https:\/\/casaruralcastalla.com\/de\/?p=4606"},"modified":"2026-09-05T12:31:20","modified_gmt":"2026-09-05T10:31:20","slug":"pla-de-les-caves-plascaves-castalla","status":"publish","type":"post","link":"https:\/\/casaruralcastalla.com\/de\/blog\/pla-de-les-caves-plascaves-castalla\/","title":{"rendered":"Plascaves (Pla de les Caves): lebendige Geschichte im Hinterland von Castalla"},"content":{"rendered":"\n<p class=\"wp-block-paragraph\">Von <strong>Plascaves<\/strong> \u2013 auch <em>Pla de les Caves<\/em> geschrieben, es handelt sich um denselben Ort in zwei Schreibweisen \u2013 zu sprechen, hei\u00dft von einem jener stillen Kleinode im Hinterland von Alicante zu sprechen, die einen \u00fcberraschen, sobald man die ausgetretenen Pfade verl\u00e4sst. Der Landstrich liegt auf dem Gemeindegebiet von Castalla und verbindet Landschaft, b\u00e4uerliche Erinnerung und traditionelle Architektur. Damit ist er ein perfekter Ort, um zu verstehen, wie hier \u00fcber Generationen hinweg gelebt und gearbeitet wurde.<\/p>\n\n\n\n<figure class=\"wp-block-embed aligncenter is-type-video is-provider-youtube wp-block-embed-youtube wp-embed-aspect-16-9 wp-has-aspect-ratio\"><div class=\"wp-block-embed__wrapper\">\n<iframe title=\"Plascaves en Castalla: el rinc\u00f3n secreto del interior de Alicante\" width=\"892\" height=\"502\" src=\"https:\/\/www.youtube.com\/embed\/w6FLTC8FSUc?feature=oembed\" frameborder=\"0\" allow=\"accelerometer; autoplay; clipboard-write; encrypted-media; gyroscope; picture-in-picture; web-share\" referrerpolicy=\"strict-origin-when-cross-origin\" allowfullscreen><\/iframe>\n<\/div><\/figure>\n\n\n\n<hr class=\"wp-block-separator has-alpha-channel-opacity\"\/>\n\n\n\n<h2 class=\"wp-block-heading\">Eine Landschaft, von der Zeit geformt<\/h2>\n\n\n\n<p class=\"wp-block-paragraph\">Das Pla de les Caves erstreckt sich \u00fcber eine von Bergen umgebene Ebene, in der sich der Horizont \u00f6ffnet und das Tempo langsamer wird. Das Verh\u00e4ltnis zwischen Mensch und Boden hat hier deutliche Spuren hinterlassen:<\/p>\n\n\n\n<ul class=\"wp-block-list\">\n<li>Alte landwirtschaftliche Bauten<\/li>\n\n\n\n<li>Kleine Geb\u00e4ude, die der Lagerung dienten<\/li>\n\n\n\n<li>Parzellen, die den traditionellen Trockenfeldbau erkennen lassen<\/li>\n<\/ul>\n\n\n\n<p class=\"wp-block-paragraph\">Der Name \u201eles Caves\u201c verweist auf Lagerr\u00e4ume oder kleine Hohlr\u00e4ume, die historisch mit der Landwirtschaft und der Vorratshaltung verbunden waren. Diese Strukturen, heute Teil der Landschaft, erinnern an eine Wirtschaftsweise, die auf harter Arbeit, Selbstversorgung und der Nutzung nat\u00fcrlicher Ressourcen beruhte.<\/p>\n\n\n\n<figure class=\"wp-block-image size-full\"><img decoding=\"async\" width=\"1020\" height=\"574\" src=\"https:\/\/casaruralcastalla.com\/de\/wp-content\/uploads\/sites\/5\/2026\/02\/Plascaves-pla-de-les-caves-Castalla-20260228_073559.jpg\" alt=\"Landschaft des Pla de les Caves (Plascaves) in Castalla\" class=\"wp-image-4609\" srcset=\"https:\/\/casaruralcastalla.com\/de\/wp-content\/uploads\/sites\/5\/2026\/02\/Plascaves-pla-de-les-caves-Castalla-20260228_073559.jpg 1020w, https:\/\/casaruralcastalla.com\/de\/wp-content\/uploads\/sites\/5\/2026\/02\/Plascaves-pla-de-les-caves-Castalla-20260228_073559-300x169.jpg 300w, https:\/\/casaruralcastalla.com\/de\/wp-content\/uploads\/sites\/5\/2026\/02\/Plascaves-pla-de-les-caves-Castalla-20260228_073559-768x432.jpg 768w, https:\/\/casaruralcastalla.com\/de\/wp-content\/uploads\/sites\/5\/2026\/02\/Plascaves-pla-de-les-caves-Castalla-20260228_073559-892x502.jpg 892w\" sizes=\"(max-width: 1020px) 100vw, 1020px\" \/><\/figure>\n\n\n\n<hr class=\"wp-block-separator has-alpha-channel-opacity\"\/>\n\n\n\n<h2 class=\"wp-block-heading\">Landwirtschaft, Tradition und Landleben<\/h2>\n\n\n\n<p class=\"wp-block-paragraph\">Jahrhundertelang war diese Gegend Arbeitsort f\u00fcr Familien, die Getreide, Mandelb\u00e4ume, Olivenb\u00e4ume und Weinreben anbauten. Das Landesinnere der Provinz Alicante hat historisch vom Trockenfeldbau gelebt, angepasst an das mediterrane Klima und an die nat\u00fcrlichen Zyklen.<\/p>\n\n\n\n<p class=\"wp-block-paragraph\">Wer durch Plascaves wandert, versteht:<\/p>\n\n\n\n<ul class=\"wp-block-list\">\n<li>wie die Felder gegliedert waren<\/li>\n\n\n\n<li>wie Werkzeuge und Ernten gelagert wurden<\/li>\n\n\n\n<li>wie die l\u00e4ndliche Baukunst auf Funktion und Umgebung antwortete<\/li>\n<\/ul>\n\n\n\n<p class=\"wp-block-paragraph\">Solche Orte wurden nicht f\u00fcr den Tourismus entworfen, sondern f\u00fcr das wirkliche Leben. Und vielleicht liegt genau darin ihre Echtheit.<\/p>\n\n\n\n<hr class=\"wp-block-separator has-alpha-channel-opacity\"\/>\n\n\n\n<h2 class=\"wp-block-heading\">Das Pla de les Caves heute<\/h2>\n\n\n\n<p class=\"wp-block-paragraph\">Heute bewahrt Plascaves jenen ruhigen, l\u00e4ndlichen Charakter, der das Umland von Castalla pr\u00e4gt. Es ist kein \u00fcberlaufener und kein \u00fcberm\u00e4\u00dfig erschlossener Ort. Es ist vielmehr eine Gegend zum:<\/p>\n\n\n\n<ul class=\"wp-block-list\">\n<li>Spazieren ohne Eile<\/li>\n\n\n\n<li>Genie\u00dfen der Stille<\/li>\n\n\n\n<li>In-Verbindung-Treten mit der Natur<\/li>\n\n\n\n<li>Entdecken kleiner Wanderwege und Radrouten<\/li>\n<\/ul>\n\n\n\n<p class=\"wp-block-paragraph\">Ganz in der N\u00e4he liegen weitere Naturr\u00e4ume wie Xorret de Cat\u00ed oder die Sierra del Maigm\u00f3, die das Angebot an Aktiv- und Kulturtourismus in der Gegend abrunden.<\/p>\n\n\n\n<p class=\"wp-block-paragraph\">Der Wert von Plascaves liegt heute nicht in gro\u00dfen Infrastrukturen, sondern in seiner F\u00e4higkeit, das Wesen dieses Landstrichs zu bewahren.<\/p>\n\n\n\n<figure class=\"wp-block-image size-full\"><img decoding=\"async\" width=\"1020\" height=\"574\" src=\"https:\/\/casaruralcastalla.com\/de\/wp-content\/uploads\/sites\/5\/2026\/02\/Plascaves-pla-de-les-caves-Castalla-20260228_073721.jpg\" alt=\"Ruhige Route im Hinterland von Alicante: Plascaves\" class=\"wp-image-4611\" srcset=\"https:\/\/casaruralcastalla.com\/de\/wp-content\/uploads\/sites\/5\/2026\/02\/Plascaves-pla-de-les-caves-Castalla-20260228_073721.jpg 1020w, https:\/\/casaruralcastalla.com\/de\/wp-content\/uploads\/sites\/5\/2026\/02\/Plascaves-pla-de-les-caves-Castalla-20260228_073721-300x169.jpg 300w, https:\/\/casaruralcastalla.com\/de\/wp-content\/uploads\/sites\/5\/2026\/02\/Plascaves-pla-de-les-caves-Castalla-20260228_073721-768x432.jpg 768w, https:\/\/casaruralcastalla.com\/de\/wp-content\/uploads\/sites\/5\/2026\/02\/Plascaves-pla-de-les-caves-Castalla-20260228_073721-892x502.jpg 892w\" sizes=\"(max-width: 1020px) 100vw, 1020px\" \/><\/figure>\n\n\n\n<hr class=\"wp-block-separator has-alpha-channel-opacity\"\/>\n\n\n\n<h2 class=\"wp-block-heading\">Binnentourismus: entdecken, was man sonst nicht sieht<\/h2>\n\n\n\n<p class=\"wp-block-paragraph\">In einer Zeit, in der immer mehr Reisende authentische Erlebnisse suchen, bietet das Hinterland von Alicante etwas anderes: Landschaft, Geschichte und Ruhe.<\/p>\n\n\n\n<p class=\"wp-block-paragraph\">Ein Besuch an Orten wie Plascaves erm\u00f6glicht es:<\/p>\n\n\n\n<ul class=\"wp-block-list\">\n<li>die traditionelle b\u00e4uerliche Kultur zu verstehen<\/li>\n\n\n\n<li>das Naturerbe von Castalla zu erkunden<\/li>\n\n\n\n<li>nach einem Tag im Freien die lokale K\u00fcche zu entdecken<\/li>\n\n\n\n<li>die Altstadt mit anderen Augen zu erleben<\/li>\n<\/ul>\n\n\n\n<p class=\"wp-block-paragraph\">Es ist ein langsamer, bewusster und nahbarer Tourismus.<\/p>\n\n\n\n<figure class=\"wp-block-image size-full\"><img decoding=\"async\" width=\"1020\" height=\"574\" src=\"https:\/\/casaruralcastalla.com\/de\/wp-content\/uploads\/sites\/5\/2026\/02\/Plascaves-pla-de-les-caves-Castalla-20260228_073012.jpg\" alt=\"Traditionelle l\u00e4ndliche Umgebung bei Castalla\" class=\"wp-image-4608\" srcset=\"https:\/\/casaruralcastalla.com\/de\/wp-content\/uploads\/sites\/5\/2026\/02\/Plascaves-pla-de-les-caves-Castalla-20260228_073012.jpg 1020w, https:\/\/casaruralcastalla.com\/de\/wp-content\/uploads\/sites\/5\/2026\/02\/Plascaves-pla-de-les-caves-Castalla-20260228_073012-300x169.jpg 300w, https:\/\/casaruralcastalla.com\/de\/wp-content\/uploads\/sites\/5\/2026\/02\/Plascaves-pla-de-les-caves-Castalla-20260228_073012-768x432.jpg 768w, https:\/\/casaruralcastalla.com\/de\/wp-content\/uploads\/sites\/5\/2026\/02\/Plascaves-pla-de-les-caves-Castalla-20260228_073012-892x502.jpg 892w\" sizes=\"(max-width: 1020px) 100vw, 1020px\" \/><\/figure>\n\n\n\n<hr class=\"wp-block-separator has-alpha-channel-opacity\"\/>\n\n\n\n<h2 class=\"wp-block-heading\">Ein anderer Kurzurlaub in Castalla<\/h2>\n\n\n\n<p class=\"wp-block-paragraph\">Nachdem Sie das Pla de les Caves durchstreift und sich von der Gelassenheit der Umgebung haben einnehmen lassen, gibt es nichts Besseres, als das Erlebnis mitten in der Altstadt fortzusetzen.<\/p>\n\n\n\n<p class=\"wp-block-paragraph\">Castalla verbindet Natur, Kulturerbe und Tradition. Ein Spaziergang zur Burg, die lokale K\u00fcche oder einfach das Abschalten vom Alltagstempo geh\u00f6ren zu einem Kurzurlaub, der weit \u00fcber eine blo\u00dfe \u00dcbernachtung hinausgeht.<\/p>\n\n\n\n<p class=\"wp-block-paragraph\">Wer in dieses Erlebnis im Hinterland mit Komfort und Echtheit eintauchen m\u00f6chte, f\u00fcr den macht eine gem\u00fctliche und gut gelegene Unterkunft den Unterschied. Ein Wochenende in Castalla kann zur Gelegenheit werden, Ruhe, Landschaft und die Geschichte wiederzuentdecken, die an Orten wie Plascaves noch immer lebendig ist. Daf\u00fcr empfehlen wir Ihnen das <a href=\"https:\/\/casaruralcastalla.com\/de\/\">Casa Rural Castalla<\/a>. Fragen Sie uns nach freien Terminen und <a href=\"https:\/\/casaruralcastalla.com\/de\/kontakt\/\">schreiben Sie uns<\/a>: Wir stellen Ihnen gern eine Route durch die Gegend zusammen.<\/p>\n\n\n\n<hr class=\"wp-block-separator has-alpha-channel-opacity\"\/>\n\n\n\n<p class=\"wp-block-paragraph\">Das Hinterland von Alicante h\u00fctet Geheimnisse, die sich nur denen offenbaren, die es ohne Eile erkunden. Das Pla de les Caves ist eines davon. Und Castalla ist der ideale Ausgangspunkt daf\u00fcr.<\/p>\n\n\n\n<h2 class=\"wp-block-heading\">\u2753 H\u00e4ufige Fragen zum Pla de les Caves (Plascaves)<\/h2>\n\n\n\n<div class=\"wp-block-getwid-accordion has-icon-left\" data-active-element=\"none\">\n<div class=\"wp-block-getwid-accordion__header-wrapper\"><span class=\"wp-block-getwid-accordion__header\"><a href=\"#\"><span class=\"wp-block-getwid-accordion__header-title\">Wo liegt das Pla de les Caves in Castalla?<\/span><span class=\"wp-block-getwid-accordion__icon is-active\"><i class=\"fas fa-plus\"><\/i><\/span><span class=\"wp-block-getwid-accordion__icon is-passive\"><i class=\"fas fa-minus\"><\/i><\/span><\/a><\/span><\/div><div class=\"wp-block-getwid-accordion__content-wrapper\"><div class=\"wp-block-getwid-accordion__content\">\n<p class=\"wp-block-paragraph\">Das Pla de les Caves, auch Plascaves genannt, liegt auf dem Gemeindegebiet von Castalla in der Provinz Alicante. Es ist eine l\u00e4ndliche Zone im Landesinneren, umgeben von traditioneller Agrarlandschaft und ganz in der N\u00e4he von Wanderwegen und Naturr\u00e4umen wie Xorret de Cat\u00ed und der Sierra del Maigm\u00f3.<\/p>\n<\/div><\/div>\n\n\n\n<div class=\"wp-block-getwid-accordion__header-wrapper\"><span class=\"wp-block-getwid-accordion__header\"><a href=\"#\"><span class=\"wp-block-getwid-accordion__header-title\">Was bedeutet \u201ePla de les Caves\u201c (Plascaves)?<br><\/span><span class=\"wp-block-getwid-accordion__icon is-active\"><i class=\"fas fa-plus\"><\/i><\/span><span class=\"wp-block-getwid-accordion__icon is-passive\"><i class=\"fas fa-minus\"><\/i><\/span><\/a><\/span><\/div><div class=\"wp-block-getwid-accordion__content-wrapper\"><div class=\"wp-block-getwid-accordion__content\">\n<p class=\"wp-block-paragraph\">Der Name verweist auf alte Bauten oder Lagerr\u00e4ume, die mit der Landwirtschaft verbunden waren. \u201eCaves\u201c bezeichnet Hohlr\u00e4ume oder Strukturen, in denen fr\u00fcher Erzeugnisse oder Feldger\u00e4te aufbewahrt wurden \u2013 ein Spiegel der l\u00e4ndlichen Tradition dieser Gegend.<\/p>\n<\/div><\/div>\n\n\n\n<div class=\"wp-block-getwid-accordion__header-wrapper\"><span class=\"wp-block-getwid-accordion__header\"><a href=\"#\"><span class=\"wp-block-getwid-accordion__header-title\">Was kann man in Plascaves unternehmen?<\/span><span class=\"wp-block-getwid-accordion__icon is-active\"><i class=\"fas fa-plus\"><\/i><\/span><span class=\"wp-block-getwid-accordion__icon is-passive\"><i class=\"fas fa-minus\"><\/i><\/span><\/a><\/span><\/div><div class=\"wp-block-getwid-accordion__content-wrapper\"><div class=\"wp-block-getwid-accordion__content\">\n<p class=\"wp-block-paragraph\">Plascaves eignet sich bestens f\u00fcr ruhige Spazierg\u00e4nge, Radtouren und leichte Wanderungen. Es ist ein perfekter Ort, um die Stille und die Natur zu genie\u00dfen und zu verstehen, wie das traditionelle b\u00e4uerliche Leben im Hinterland von Alicante aussah.<\/p>\n<\/div><\/div>\n\n\n\n<div class=\"wp-block-getwid-accordion__header-wrapper\"><span class=\"wp-block-getwid-accordion__header\"><a href=\"#\"><span class=\"wp-block-getwid-accordion__header-title\">Lohnt sich Castalla f\u00fcr einen Wochenendausflug?<\/span><span class=\"wp-block-getwid-accordion__icon is-active\"><i class=\"fas fa-plus\"><\/i><\/span><span class=\"wp-block-getwid-accordion__icon is-passive\"><i class=\"fas fa-minus\"><\/i><\/span><\/a><\/span><\/div><div class=\"wp-block-getwid-accordion__content-wrapper\"><div class=\"wp-block-getwid-accordion__content\">\n<p class=\"wp-block-paragraph\">Ja, Castalla ist ein perfektes Ziel f\u00fcr einen Kurzurlaub im Hinterland. Es verbindet Natur, historisches Erbe wie die Burg von Castalla, lokale K\u00fcche und Routen im Freien. Ideal zum Abschalten, ohne sich zu weit von der K\u00fcste zu entfernen.<\/p>\n<\/div><\/div>\n\n\n\n<div class=\"wp-block-getwid-accordion__header-wrapper\"><span class=\"wp-block-getwid-accordion__header\"><a href=\"#\"><span class=\"wp-block-getwid-accordion__header-title\">Welche anderen Orte lassen sich in der N\u00e4he des Pla de les Caves besuchen?<\/span><span class=\"wp-block-getwid-accordion__icon is-active\"><i class=\"fas fa-plus\"><\/i><\/span><span class=\"wp-block-getwid-accordion__icon is-passive\"><i class=\"fas fa-minus\"><\/i><\/span><\/a><\/span><\/div><div class=\"wp-block-getwid-accordion__content-wrapper\"><div class=\"wp-block-getwid-accordion__content\">\n<p class=\"wp-block-paragraph\">Neben Plascaves k\u00f6nnen Sie die Burg von Castalla, die Altstadt, Xorret de Cat\u00ed und die Sierra del Maigm\u00f3 besuchen sowie Mountainbike- und Wanderrouten in der Comarca <em>Foia de Castalla<\/em> (dem Talbecken von Castalla) unternehmen.<\/p>\n<\/div><\/div>\n\n\n\n<div class=\"wp-block-getwid-accordion__header-wrapper\"><span class=\"wp-block-getwid-accordion__header\"><a href=\"#\"><span class=\"wp-block-getwid-accordion__header-title\">Warum das Hinterland von Alicante statt der K\u00fcste w\u00e4hlen?<\/span><span class=\"wp-block-getwid-accordion__icon is-active\"><i class=\"fas fa-plus\"><\/i><\/span><span class=\"wp-block-getwid-accordion__icon is-passive\"><i class=\"fas fa-minus\"><\/i><\/span><\/a><\/span><\/div><div class=\"wp-block-getwid-accordion__content-wrapper\"><div class=\"wp-block-getwid-accordion__content\">\n<p class=\"wp-block-paragraph\">Das Landesinnere bietet Ruhe, Echtheit und direkten Kontakt zur Natur. Es ist perfekt f\u00fcr alle, die einen langsameren, weniger \u00fcberlaufenen Tourismus mit mehr kultureller und landschaftlicher Tiefe suchen.<\/p>\n<\/div><\/div>\n\n\n\n<div class=\"wp-block-getwid-accordion__header-wrapper\"><span class=\"wp-block-getwid-accordion__header\"><a href=\"#\"><span class=\"wp-block-getwid-accordion__header-title\">Wann ist die beste Zeit f\u00fcr einen Besuch im Pla de les Caves?<\/span><span class=\"wp-block-getwid-accordion__icon is-active\"><i class=\"fas fa-plus\"><\/i><\/span><span class=\"wp-block-getwid-accordion__icon is-passive\"><i class=\"fas fa-minus\"><\/i><\/span><\/a><\/span><\/div><div class=\"wp-block-getwid-accordion__content-wrapper\"><div class=\"wp-block-getwid-accordion__content\">\n<p class=\"wp-block-paragraph\">Fr\u00fchling und Herbst sind wegen der milden Temperaturen und der Landschaft in ihrer sch\u00f6nsten Form besonders angenehm. Das Klima im Hinterland von Alicante erlaubt es jedoch, die Gegend einen gro\u00dfen Teil des Jahres \u00fcber zu genie\u00dfen.<\/p>\n<\/div><\/div>\n<\/div>\n\n\n\n<h2 class=\"wp-block-heading\">\ud83e\udde0 Kurz\u00fcberblick zum Pla de les Caves (Plascaves) \u2013 Castalla<\/h2>\n\n\n\n<hr class=\"wp-block-separator has-alpha-channel-opacity\"\/>\n\n\n\n<h2 class=\"wp-block-heading\">Was ist das Pla de les Caves in Castalla?<\/h2>\n\n\n\n<p class=\"wp-block-paragraph\">Das Pla de les Caves, auch Plascaves genannt, ist eine l\u00e4ndliche Zone auf dem Gemeindegebiet von Castalla (Alicante). Der Ort ist historisch mit dem traditionellen Trockenfeldbau verbunden; noch heute sind dort alte Bauten zu sehen, die mit Lagerung und Feldarbeit zu tun hatten.<\/p>\n\n\n\n<p class=\"wp-block-paragraph\">Heute ist es ein ruhiger Ort, ideal zum Spazierengehen und um die l\u00e4ndliche Geschichte des Hinterlands von Alicante kennenzulernen.<\/p>\n\n\n\n<hr class=\"wp-block-separator has-alpha-channel-opacity\"\/>\n\n\n\n<h2 class=\"wp-block-heading\">Warum lohnt sich ein Besuch in Plascaves?<\/h2>\n\n\n\n<p class=\"wp-block-paragraph\">Weil er eine weniger bekannte Seite von Castalla zeigt:<\/p>\n\n\n\n<ul class=\"wp-block-list\">\n<li>traditionelle Agrarlandschaft<\/li>\n\n\n\n<li>Natur ohne Massenandrang<\/li>\n\n\n\n<li>lokale Geschichte rund um die Feldarbeit<\/li>\n\n\n\n<li>ideales Gebiet f\u00fcr Spazierg\u00e4nge und leichte Touren<\/li>\n<\/ul>\n\n\n\n<p class=\"wp-block-paragraph\">Ein perfekter Ort f\u00fcr alle, die authentischen und ruhigen Tourismus im Hinterland von Alicante suchen.<\/p>\n\n\n\n<hr class=\"wp-block-separator has-alpha-channel-opacity\"\/>\n\n\n\n<h2 class=\"wp-block-heading\">Welche Art von Tourismus passt am besten zu dieser Gegend?<\/h2>\n\n\n\n<p class=\"wp-block-paragraph\">Plascaves geh\u00f6rt zum Binnentourismus und eignet sich ideal f\u00fcr:<\/p>\n\n\n\n<ul class=\"wp-block-list\">\n<li>Wochenendausfl\u00fcge<\/li>\n\n\n\n<li>Wandern und Natur<\/li>\n\n\n\n<li>Kultur- und Landtourismus<\/li>\n\n\n\n<li>Reisende, die abschalten m\u00f6chten<\/li>\n\n\n\n<li>Liebhaber mediterraner Landschaften<\/li>\n<\/ul>\n\n\n\n<p class=\"wp-block-paragraph\">Es ist kein Ziel gro\u00dfer Infrastrukturen, sondern eines einfacher und echter Erlebnisse.<\/p>\n\n\n\n<hr class=\"wp-block-separator has-alpha-channel-opacity\"\/>\n\n\n\n<h2 class=\"wp-block-heading\">Wie viel Zeit braucht man f\u00fcr den Besuch?<\/h2>\n\n\n\n<p class=\"wp-block-paragraph\">Der Ort l\u00e4sst sich problemlos in eine Halbtagestour einbauen, zusammen mit:<\/p>\n\n\n\n<ul class=\"wp-block-list\">\n<li>der Burg von Castalla<\/li>\n\n\n\n<li>einem Bummel durch die Altstadt<\/li>\n\n\n\n<li>Routen in Xorret de Cat\u00ed<\/li>\n\n\n\n<li>traditioneller lokaler K\u00fcche<\/li>\n<\/ul>\n\n\n\n<p class=\"wp-block-paragraph\">Ideal als Teil eines rundum gelungenen Kurzurlaubs im Landesinneren der Provinz.<\/p>\n\n\n\n<hr class=\"wp-block-separator has-alpha-channel-opacity\"\/>\n\n\n\n<h2 class=\"wp-block-heading\">Lohnt sich das Hinterland von Alicante?<\/h2>\n\n\n\n<p class=\"wp-block-paragraph\">Ja. Das Landesinnere bietet:<\/p>\n\n\n\n<ul class=\"wp-block-list\">\n<li>weniger Massentourismus<\/li>\n\n\n\n<li>Berglandschaften<\/li>\n\n\n\n<li>angenehmes Klima w\u00e4hrend eines Gro\u00dfteils des Jahres<\/li>\n\n\n\n<li>authentische Kultur und Traditionen<\/li>\n\n\n\n<li>N\u00e4he zur K\u00fcste, ohne an ihr zu liegen<\/li>\n<\/ul>\n\n\n\n<p class=\"wp-block-paragraph\">Castalla ist einer der besten Ausgangspunkte, um diesen Teil der Provinz zu entdecken.<\/p>\n\n\n\n<hr class=\"wp-block-separator has-alpha-channel-opacity\"\/>\n\n\n\n<h2 class=\"wp-block-heading\">Wo \u00fcbernachten, um Plascaves und Castalla zu entdecken?<\/h2>\n\n\n\n<p class=\"wp-block-paragraph\">Um die Umgebung in vollen Z\u00fcgen zu genie\u00dfen, \u00fcbernachtet man am besten in der Altstadt von Castalla: Von dort aus erreichen Sie sowohl das kulturelle Erbe als auch die Naturrouten der Umgebung bequem.<\/p>\n\n\n\n<p class=\"wp-block-paragraph\">Ein Kurzurlaub von zwei oder drei Tagen reicht, um Plascaves in Ruhe kennenzulernen, die Burg zu besichtigen, die lokale K\u00fcche zu probieren und die Gelassenheit des Hinterlands zu genie\u00dfen.<\/p>\n\n\n\n<div class=\"rank-math-contact-info show-name show-organization_description show-email show-address show-hours show-phone show-additional_info show-map\"><div class=\"rank-math-contact-section rank-math-contact-name\">\t\t<h4 class=\"rank-math-name\">\n\t\t\t<a href=\"https:\/\/casaruralcastalla.com\/de\">Casa Rural Castalla<\/a>\n\t\t<\/h4>\n\t\t<\/div><div class=\"rank-math-contact-section rank-math-contact-organization_description\"><\/div><div class=\"rank-math-contact-section rank-math-contact-email\">\t\t<div class=\"rank-math-email\">\n\t\t\t<label>Email:<\/label>\n\t\t\t<a href=\"mailto:hola@casaruralcastalla.com\">hola@casaruralcastalla.com<\/a>\n\t\t<\/div>\n\t\t<\/div><div class=\"rank-math-contact-section rank-math-contact-address\">\t\t<label>Address:<\/label>\n\t\t<address><span class=\"contact-address-streetAddress\">Carrer Major 33<\/span> <span class=\"contact-address-addressLocality\">Castalla<\/span>, <span class=\"contact-address-addressRegion\">Alicante<\/span> <span class=\"contact-address-postalCode\">03420<\/span><\/address>\n\t\t<\/div><div class=\"rank-math-contact-section rank-math-contact-hours\">\t\t<label>Hours:<\/label>\n\t\t<div class=\"rank-math-contact-hours-details\">\n\t\t\t<div class=\"rank-math-opening-hours\"><span class=\"rank-math-opening-days\">Montag, Dienstag, Mittwoch, Donnerstag, Freitag, Samstag, Sonntag<\/span><span class=\"rank-math-opening-time\">00:00 &ndash; 23:59<\/span><\/div>\t\t<\/div>\n\t\t<\/div><div class=\"rank-math-contact-section rank-math-contact-phone\">\t\t\t<div class=\"rank-math-phone-number type-reservations\">\n\t\t\t\t<label>Reservations:<\/label>\n\t\t\t\t<span><a href=\"tel:+34 601 994 695\">+34 601 994 695<\/a><\/span>\n\t\t\t<\/div>\n\t\t\t<\/div><div class=\"rank-math-contact-section rank-math-contact-additional_info\"><\/div><div class=\"rank-math-contact-section rank-math-contact-map\"><\/div><\/div><div class=\"clear\"><\/div>\n\n\n\n<div class=\"wp-block-group cta-castalla-reserva has-background\" style=\"border-radius:12px;background-color:#f4ede2;margin-top:3rem;margin-bottom:3rem;padding-top:3rem;padding-right:2rem;padding-bottom:3rem;padding-left:2rem\"><div class=\"wp-block-group__inner-container is-layout-constrained wp-container-core-group-is-layout-8f4013b1 wp-block-group-is-layout-constrained\">\n<h3 class=\"wp-block-heading has-text-align-center\">Bereit f\u00fcr das Hinterland von Alicante?<\/h3>\n\n\n\n<p class=\"has-text-align-center wp-block-paragraph\">Buchen Sie Ihren Aufenthalt im <strong>Casa Rural Castalla<\/strong> und entdecken Sie in Ruhe Orte wie Plascaves, die Burg von Castalla oder die Sierra del Maigm\u00f3. Ihr Kurzurlaub im Hinterland von Alicante beginnt hier.<\/p>\n\n\n\n<div class=\"wp-block-buttons is-content-justification-center is-layout-flex wp-container-core-buttons-is-layout-fe48e5de wp-block-buttons-is-layout-flex\">\n<div class=\"wp-block-button\"><a class=\"wp-block-button__link wp-element-button\" href=\"https:\/\/wa.me\/34601994695?text=Hallo%21%20Ich%20m%C3%B6chte%20die%20Verf%C3%BCgbarkeit%20im%20Casa%20Rural%20Castalla%20anfragen.\" style=\"border-radius:6px\" target=\"_blank\" rel=\"noopener\">Verf\u00fcgbarkeit anfragen<\/a><\/div>\n\n\n\n<div class=\"wp-block-button is-style-outline is-style-outline--1\"><a class=\"wp-block-button__link wp-element-button\" href=\"https:\/\/casaruralcastalla.com\/de\/kontakt\/\" style=\"border-radius:6px\">Kontakt aufnehmen<\/a><\/div>\n<\/div>\n<\/div><\/div>\n","protected":false},"excerpt":{"rendered":"<p>Von Plascaves \u2013 auch Pla de les Caves geschrieben, es handelt sich um denselben Ort in zwei Schreibweisen \u2013 zu sprechen, hei\u00dft von einem jener stillen Kleinode im Hinterland von Alicante zu sprechen, die einen \u00fcberraschen, sobald man die ausgetretenen Pfade verl\u00e4sst. Der Landstrich liegt auf dem Gemeindegebiet von Castalla und verbindet Landschaft, b\u00e4uerliche Erinnerung [&hellip;]<\/p>\n","protected":false},"author":1,"featured_media":4610,"comment_status":"closed","ping_status":"open","sticky":false,"template":"","format":"standard","meta":{"inline_featured_image":false,"_trash_the_other_posts":false,"_monsterinsights_skip_tracking":false,"_joinchat":[],"footnotes":""},"categories":[181,187],"tags":[],"class_list":["post-4606","post","type-post","status-publish","format-standard","has-post-thumbnail","hentry","category-rund-um-castalla","category-plascaves"],"_links":{"self":[{"href":"https:\/\/casaruralcastalla.com\/de\/wp-json\/wp\/v2\/posts\/4606","targetHints":{"allow":["GET"]}}],"collection":[{"href":"https:\/\/casaruralcastalla.com\/de\/wp-json\/wp\/v2\/posts"}],"about":[{"href":"https:\/\/casaruralcastalla.com\/de\/wp-json\/wp\/v2\/types\/post"}],"author":[{"embeddable":true,"href":"https:\/\/casaruralcastalla.com\/de\/wp-json\/wp\/v2\/users\/1"}],"replies":[{"embeddable":true,"href":"https:\/\/casaruralcastalla.com\/de\/wp-json\/wp\/v2\/comments?post=4606"}],"version-history":[{"count":2,"href":"https:\/\/casaruralcastalla.com\/de\/wp-json\/wp\/v2\/posts\/4606\/revisions"}],"predecessor-version":[{"id":5903,"href":"https:\/\/casaruralcastalla.com\/de\/wp-json\/wp\/v2\/posts\/4606\/revisions\/5903"}],"wp:featuredmedia":[{"embeddable":true,"href":"https:\/\/casaruralcastalla.com\/de\/wp-json\/wp\/v2\/media\/4610"}],"wp:attachment":[{"href":"https:\/\/casaruralcastalla.com\/de\/wp-json\/wp\/v2\/media?parent=4606"}],"wp:term":[{"taxonomy":"category","embeddable":true,"href":"https:\/\/casaruralcastalla.com\/de\/wp-json\/wp\/v2\/categories?post=4606"},{"taxonomy":"post_tag","embeddable":true,"href":"https:\/\/casaruralcastalla.com\/de\/wp-json\/wp\/v2\/tags?post=4606"}],"curies":[{"name":"wp","href":"https:\/\/api.w.org\/{rel}","templated":true}]}}