{"id":4240,"date":"2025-11-09T17:59:29","date_gmt":"2025-11-09T16:59:29","guid":{"rendered":"https:\/\/casaruralcastalla.com\/de\/?p=4240"},"modified":"2026-09-05T14:11:32","modified_gmt":"2026-09-05T12:11:32","slug":"burg-von-castalla","status":"publish","type":"post","link":"https:\/\/casaruralcastalla.com\/de\/blog\/burg-von-castalla\/","title":{"rendered":"Burg von Castalla: Geschichte, Legenden und Ausgangspunkt der Burgenrouten des Vinalop\u00f3"},"content":{"rendered":"\n<p><em>Audioversion dieses Artikels (Podcast auf Spanisch).<\/em><\/p>\n<iframe src=\"https:\/\/www.ivoox.com\/player_ej_162323122_6_1.html?c1=8ea29c\" width=\"100%\" height=\"200\" frameborder=\"0\" allowfullscreen=\"\" scrolling=\"no\" loading=\"lazy\"><\/iframe>\n\n\n\n<h2 class=\"wp-block-heading\">Eine Reise ins Herz des alicantinischen Kulturerbes<\/h2>\n\n\n\n<p class=\"wp-block-paragraph\">Hoch \u00fcber der <em>Foia de Castalla<\/em> (dem Talbecken von Castalla) gelegen und kilometerweit sichtbar, ist die <strong>Burg von Castalla<\/strong> weit mehr als eine Silhouette am Horizont: Sie ist ein Zeugnis lebendiger Geschichte, Schauplatz von Schlachten, Legenden und Wiederaufbauten. Als <strong>Bien de Inter\u00e9s Cultural<\/strong> (spanisches Kulturdenkmal von nationalem Rang) eingestuft, fasst diese Anlage tausend Jahre Geschichte zusammen und gilt als einer der besten Ausgangspunkte, um die <strong>Burgenrouten des Vinalop\u00f3<\/strong> zu erkunden \u2013 eine einzigartige Kulturroute durch das Hinterland von Alicante.<\/p>\n\n\n\n<h3 class=\"wp-block-heading\">Ein strategischer Ort seit pr\u00e4historischer Zeit<\/h3>\n\n\n\n<p class=\"wp-block-paragraph\">Von der Jungsteinzeit bis in die Almohadenzeit, \u00fcber Iberer und R\u00f6mer hinweg: Der H\u00fcgel, auf dem die Burg steht, hat zahlreiche Kulturen erlebt. Die Festung in ihrer heutigen Gestalt nahm im <strong>11. Jahrhundert<\/strong> Form an, zur Zeit der maurischen Herrschaft. Sp\u00e4ter machten die friedliche \u00dcbergabe an K\u00f6nig Jaime I. und der gotische Umbau im Mittelalter aus ihr einen Herrensitz und \u00fcber Jahrhunderte hinweg ein wichtiges milit\u00e4risches Bollwerk.<\/p>\n\n\n\n<figure class=\"wp-block-embed aligncenter is-type-video is-provider-youtube wp-block-embed-youtube wp-embed-aspect-16-9 wp-has-aspect-ratio\"><div class=\"wp-block-embed__wrapper\">\n<iframe title=\"Castillo de Castalla desde diferentes horas del d\u00eda,\" width=\"892\" height=\"502\" src=\"https:\/\/www.youtube.com\/embed\/sepH_GJFqsA?feature=oembed\" frameborder=\"0\" allow=\"accelerometer; autoplay; clipboard-write; encrypted-media; gyroscope; picture-in-picture; web-share\" referrerpolicy=\"strict-origin-when-cross-origin\" allowfullscreen><\/iframe>\n<\/div><\/figure>\n\n\n\n<h3 class=\"wp-block-heading\">Drei Bereiche, eine Festung: Architektur mit Seele<\/h3>\n\n\n\n<p class=\"wp-block-paragraph\">Die Burganlage gliedert sich in drei klar voneinander abgegrenzte Bereiche:<\/p>\n\n\n\n<ul class=\"wp-block-list\">\n<li><strong>El Palau<\/strong>: Adelsresidenz aus dem 14. und 15. Jahrhundert mit Rundt\u00fcrmen und Innenhof.<\/li>\n\n\n\n<li><strong>Der Waffenhof<\/strong>: islamischer <em>albacar<\/em> (ummauerter Schutzhof), in dem Verteidigungs- und Wohnbauten standen.<\/li>\n\n\n\n<li><strong>Die Torre Grossa<\/strong>: ein monumentaler Bergfried aus dem 16. Jahrhundert, Sinnbild des Widerstands gegen die \u00dcberf\u00e4lle vom Mittelmeer her.<\/li>\n<\/ul>\n\n\n\n<p class=\"wp-block-paragraph\">Dank einer vorbildlichen, 2006 abgeschlossenen Restaurierung z\u00e4hlt sie heute zu den besterhaltenen Burgen der Provinz Alicante, mit museal aufbereiteten R\u00e4umen und Informationstafeln.<\/p>\n\n\n\n<h3 class=\"wp-block-heading\">Schauplatz von Schlachten und Legenden<\/h3>\n\n\n\n<p class=\"wp-block-paragraph\">Die Burg erlebte nicht nur die Reconquista, sondern war auch Schauplatz zweier Schlachten w\u00e4hrend des <strong>Spanischen Unabh\u00e4ngigkeitskrieges<\/strong> (1812 und 1813). Zudem verweben sich mit ihrer Geschichte lokale Legenden wie die vom verborgenen Schatz, von der Maurenschule in der Zisterne oder von der verschwundenen Christusstatue, die einst die Torre Grossa kr\u00f6nte.<\/p>\n\n\n<div class=\"wp-block-image\">\n<figure class=\"aligncenter size-large\"><img decoding=\"async\" width=\"1024\" height=\"576\" src=\"https:\/\/casaruralcastalla.com\/de\/wp-content\/uploads\/sites\/5\/2025\/11\/Castillo-de-Castlala-Rutas-de-castillos-del-Vinalopo-2-1024x576.jpg\" alt=\"Burg von Castalla - Burgenrouten des Vinalopo\" class=\"wp-image-4243\" srcset=\"https:\/\/casaruralcastalla.com\/de\/wp-content\/uploads\/sites\/5\/2025\/11\/Castillo-de-Castlala-Rutas-de-castillos-del-Vinalopo-2-1024x576.jpg 1024w, https:\/\/casaruralcastalla.com\/de\/wp-content\/uploads\/sites\/5\/2025\/11\/Castillo-de-Castlala-Rutas-de-castillos-del-Vinalopo-2-300x169.jpg 300w, https:\/\/casaruralcastalla.com\/de\/wp-content\/uploads\/sites\/5\/2025\/11\/Castillo-de-Castlala-Rutas-de-castillos-del-Vinalopo-2-768x432.jpg 768w, https:\/\/casaruralcastalla.com\/de\/wp-content\/uploads\/sites\/5\/2025\/11\/Castillo-de-Castlala-Rutas-de-castillos-del-Vinalopo-2-892x502.jpg 892w, https:\/\/casaruralcastalla.com\/de\/wp-content\/uploads\/sites\/5\/2025\/11\/Castillo-de-Castlala-Rutas-de-castillos-del-Vinalopo-2.jpg 1344w\" sizes=\"(max-width: 1024px) 100vw, 1024px\" \/><\/figure>\n<\/div>\n\n\n<h3 class=\"wp-block-heading\">Das Eingangstor zu den Burgenrouten des Vinalop\u00f3<\/h3>\n\n\n\n<p class=\"wp-block-paragraph\">Die <strong>Burg von Castalla<\/strong> ist Teil der bekannten <strong>Burgenrouten des Vinalop\u00f3<\/strong>, die Festungen von Banyeres bis Santa Pola miteinander verbinden. Ihre zentrale Lage macht sie zum idealen Startpunkt f\u00fcr dieses kulturelle Abenteuer. Von hier aus k\u00f6nnen Sie Schwesterfestungen in Orten wie Biar, Villena oder Sax besuchen und dabei Jahrhunderte der Wehrarchitektur entdecken.<\/p>\n\n\n\n<h3 class=\"wp-block-heading\">Besuchen Sie die Burg und machen Sie Ihren Kurzurlaub unvergesslich<\/h3>\n\n\n\n<ul class=\"wp-block-list\">\n<li>\ud83d\udd52 <strong>\u00d6ffnungszeiten<\/strong>: Freitag bis Sonntag von 10:00 bis 14:00 Uhr.<\/li>\n\n\n\n<li>\ud83c\udf9f\ufe0f <strong>Eintritt<\/strong>: 3 \u20ac regul\u00e4r und 2 \u20ac erm\u00e4\u00dfigt<a href=\"https:\/\/www.turismocastalla.com\/castallaNew\/web_php\/index.php?contenido=fichaPoi&amp;idPoi=5&amp;id=1&amp;idNivel=2897&amp;mode=folder&amp;order=asc&amp;title=castillo\" target=\"_blank\" rel=\"noopener\">. (Im Tourismusb\u00fcro von Castalla erfragen)<\/a><\/li>\n\n\n\n<li>\ud83d\udccd <strong>Zugang<\/strong>: ab der <strong>Ermita de la Sang<\/strong> (Blutkapelle) zu Fu\u00df \u00fcber einen gepflasterten Aufstieg.<\/li>\n\n\n\n<li>\ud83d\udc40 <strong>Aussicht<\/strong>: 360\u00b0-Rundblick \u00fcber die <em>Foia de Castalla<\/em>.<\/li>\n\n\n\n<li>\ud83d\uddfa\ufe0f <strong>Aktivit\u00e4ten<\/strong>: F\u00fchrungen, Theaterf\u00fchrungen und Nachtf\u00fchrungen in der Hauptsaison.<\/li>\n<\/ul>\n\n\n\n<figure class=\"wp-block-embed aligncenter is-type-video is-provider-youtube wp-block-embed-youtube wp-embed-aspect-16-9 wp-has-aspect-ratio\"><div class=\"wp-block-embed__wrapper\">\n<iframe title=\"Castillo de Castalla: Informaci\u00f3n + Rutas del Vinalop\u00f3\" width=\"892\" height=\"502\" src=\"https:\/\/www.youtube.com\/embed\/U2_Pwr0Uq8U?feature=oembed\" frameborder=\"0\" allow=\"accelerometer; autoplay; clipboard-write; encrypted-media; gyroscope; picture-in-picture; web-share\" referrerpolicy=\"strict-origin-when-cross-origin\" allowfullscreen><\/iframe>\n<\/div><\/figure>\n\n\n\n<h3 class=\"wp-block-heading\">\u00dcbernachten im Casa Rural Castalla: das ideale Basislager<\/h3>\n\n\n\n<p class=\"wp-block-paragraph\">M\u00f6chten Sie aus Ihrem Kulturausflug ein rundes Erlebnis machen? Das <strong>Casa Rural Castalla<\/strong> liegt mitten in der Altstadt und ist der perfekte Ort, um sich nach dem Burgbesuch auszuruhen. Von hier aus erkunden Sie die <strong>Burgenroute des Vinalop\u00f3<\/strong> weiter, ohne lange Fahrtwege. Erleben Sie Geschichte von innen \u2013 in einem Haus mit Charme, herzlicher Gastfreundschaft und Natur vor der T\u00fcr.<\/p>\n\n\n\n<div class=\"wp-block-buttons is-content-justification-center is-layout-flex wp-container-core-buttons-is-layout-fe48e5de wp-block-buttons-is-layout-flex\">\n<div class=\"wp-block-button\"><a class=\"wp-block-button__link wp-element-button\" href=\"https:\/\/casaruralcastalla.com\/de\/kontakt\/\">Verf\u00fcgbarkeit im Casa Rural Castalla anfragen<\/a><\/div>\n<\/div>\n\n\n\n<p class=\"wp-block-paragraph\"><\/p>\n\n\n\n<div class=\"wp-block-group cta-castalla-reserva has-background\" style=\"border-radius:12px;background-color:#f4ede2;margin-top:3rem;margin-bottom:3rem;padding-top:3rem;padding-right:2rem;padding-bottom:3rem;padding-left:2rem\"><div class=\"wp-block-group__inner-container is-layout-constrained wp-container-core-group-is-layout-8f4013b1 wp-block-group-is-layout-constrained\">\n<h3 class=\"wp-block-heading has-text-align-center\">Bereit f\u00fcr das Hinterland von Alicante?<\/h3>\n\n\n\n<p class=\"has-text-align-center wp-block-paragraph\">Buchen Sie Ihren Aufenthalt im <strong>Casa Rural Castalla<\/strong> und entdecken Sie in Ruhe Orte wie Plascaves, die Burg von Castalla oder die Sierra del Maigm\u00f3. Ihr Kurzurlaub im Hinterland von Alicante beginnt hier.<\/p>\n\n\n\n<div class=\"wp-block-buttons is-content-justification-center is-layout-flex wp-container-core-buttons-is-layout-fe48e5de wp-block-buttons-is-layout-flex\">\n<div class=\"wp-block-button\"><a class=\"wp-block-button__link wp-element-button\" href=\"https:\/\/wa.me\/34601994695?text=Hallo%21%20Ich%20m%C3%B6chte%20die%20Verf%C3%BCgbarkeit%20im%20Casa%20Rural%20Castalla%20anfragen.\" style=\"border-radius:6px\" target=\"_blank\" rel=\"noopener\">Verf\u00fcgbarkeit anfragen<\/a><\/div>\n\n\n\n<div class=\"wp-block-button is-style-outline is-style-outline--1\"><a class=\"wp-block-button__link wp-element-button\" href=\"https:\/\/casaruralcastalla.com\/de\/kontakt\/\" style=\"border-radius:6px\">Kontakt aufnehmen<\/a><\/div>\n<\/div>\n<\/div><\/div>\n\n","protected":false},"excerpt":{"rendered":"<p>Audioversion dieses Artikels (Podcast auf Spanisch). Eine Reise ins Herz des alicantinischen Kulturerbes Hoch \u00fcber der Foia de Castalla (dem Talbecken von Castalla) gelegen und kilometerweit sichtbar, ist die Burg von Castalla weit mehr als eine Silhouette am Horizont: Sie ist ein Zeugnis lebendiger Geschichte, Schauplatz von Schlachten, Legenden und Wiederaufbauten. Als Bien de Inter\u00e9s [&hellip;]<\/p>\n","protected":false},"author":1,"featured_media":4245,"comment_status":"closed","ping_status":"open","sticky":false,"template":"","format":"standard","meta":{"inline_featured_image":false,"_trash_the_other_posts":false,"_monsterinsights_skip_tracking":false,"_joinchat":[],"footnotes":""},"categories":[174,1],"tags":[],"class_list":["post-4240","post","type-post","status-publish","format-standard","has-post-thumbnail","hentry","category-castalla-entdecken","category-nicht-kategorisiert"],"_links":{"self":[{"href":"https:\/\/casaruralcastalla.com\/de\/wp-json\/wp\/v2\/posts\/4240","targetHints":{"allow":["GET"]}}],"collection":[{"href":"https:\/\/casaruralcastalla.com\/de\/wp-json\/wp\/v2\/posts"}],"about":[{"href":"https:\/\/casaruralcastalla.com\/de\/wp-json\/wp\/v2\/types\/post"}],"author":[{"embeddable":true,"href":"https:\/\/casaruralcastalla.com\/de\/wp-json\/wp\/v2\/users\/1"}],"replies":[{"embeddable":true,"href":"https:\/\/casaruralcastalla.com\/de\/wp-json\/wp\/v2\/comments?post=4240"}],"version-history":[{"count":3,"href":"https:\/\/casaruralcastalla.com\/de\/wp-json\/wp\/v2\/posts\/4240\/revisions"}],"predecessor-version":[{"id":5911,"href":"https:\/\/casaruralcastalla.com\/de\/wp-json\/wp\/v2\/posts\/4240\/revisions\/5911"}],"wp:featuredmedia":[{"embeddable":true,"href":"https:\/\/casaruralcastalla.com\/de\/wp-json\/wp\/v2\/media\/4245"}],"wp:attachment":[{"href":"https:\/\/casaruralcastalla.com\/de\/wp-json\/wp\/v2\/media?parent=4240"}],"wp:term":[{"taxonomy":"category","embeddable":true,"href":"https:\/\/casaruralcastalla.com\/de\/wp-json\/wp\/v2\/categories?post=4240"},{"taxonomy":"post_tag","embeddable":true,"href":"https:\/\/casaruralcastalla.com\/de\/wp-json\/wp\/v2\/tags?post=4240"}],"curies":[{"name":"wp","href":"https:\/\/api.w.org\/{rel}","templated":true}]}}