{"id":2602,"date":"2025-04-06T11:30:16","date_gmt":"2025-04-06T09:30:16","guid":{"rendered":"https:\/\/casaruralcastalla.com\/de\/?p=2602"},"modified":"2026-09-05T12:31:38","modified_gmt":"2026-09-05T10:31:38","slug":"cova-de-mossen-frances-hoehle-maigmo","status":"publish","type":"post","link":"https:\/\/casaruralcastalla.com\/de\/blog\/cova-de-mossen-frances-hoehle-maigmo\/","title":{"rendered":"Cova de Moss\u00e9n Franc\u00e9s: Geschichte, Natur und Legende im Herzen des Maigm\u00f3"},"content":{"rendered":"\n<p><em>Audioversion dieses Artikels (Podcast auf Spanisch).<\/em><\/p>\n<iframe src=\"https:\/\/www.ivoox.com\/player_ej_159167196_6_1.html?c1=72857f\" width=\"100%\" height=\"200\" frameborder=\"0\" allowfullscreen=\"\" scrolling=\"no\" loading=\"lazy\"><\/iframe>\n\n\n\n\n<p class=\"wp-block-paragraph\">Die <strong>Cova de Moss\u00e9n Franc\u00e9s<\/strong> an der Flanke der <strong>Sierra del Maigm\u00f3<\/strong> \u2013 einer der Kalksteinketten im Hinterland von Alicante \u2013 ist einer jener Orte, an denen sich Natur, Geschichte und Legende fast magisch verflechten. Auf \u00fcber <strong>1.100 Metern H\u00f6he<\/strong> gelegen, ganz in der N\u00e4he des Naturraums <strong>Xorret de Cat\u00ed<\/strong>, bietet diese Naturh\u00f6hle nicht nur eine Landschaft erster G\u00fcte, sondern auch eine Erz\u00e4hlung, die durch Jahrhunderte lokaler Nutzungen, Glaubensvorstellungen und Traditionen f\u00fchrt. <\/p>\n\n\n\n<p class=\"wp-block-paragraph\">Wenn Sie den Trubel der K\u00fcste hinter sich lassen und in das echte Hinterland von Alicante eintauchen m\u00f6chten, ist das ein Ausflug, der <strong>Wandern, Kultur und Natur<\/strong> verbindet. Und wenn Sie daf\u00fcr einen gem\u00fctlichen, authentischen Ausgangspunkt suchen, ist <strong>Casa Rural Castalla<\/strong> die naheliegende Wahl: Vom Haus aus sind es wenige Autominuten bis zur H\u00f6hle und dann eine Wanderung, die alle Sinne weckt.<\/p>\n\n\n\n<hr class=\"wp-block-separator has-alpha-channel-opacity\"\/>\n\n\n\n<h3 class=\"wp-block-heading\">Eine H\u00f6hle mit eigenem Namen (und einem Geistlichen mit Sprengstoff) \ud83d\udd73\ufe0f\ud83d\udca5\ud83d\udcd6<\/h3>\n\n\n\n<p class=\"wp-block-paragraph\">Der Name weckt sofort die Neugier. \u201e<strong>Moss\u00e9n<\/strong>\u201c ist ein alter valencianischer Ehrentitel f\u00fcr Priester, etwa vergleichbar mit \u201eHochw\u00fcrden\u201c, und \u201e<strong>Franc\u00e9s<\/strong>\u201c kann ebenso gut ein Familienname wie ein Spitzname sein. Der Legende nach griff dieser Geistliche, ein leidenschaftlicher J\u00e4ger mit Frettchen, zu Dynamit, um eines seiner Tiere aus dem Untergrund zu befreien. Das Ergebnis war verbl\u00fcffend: Er bekam nicht nur sein Frettchen zur\u00fcck, sondern legte auch den Eingang einer beeindruckenden Kalksteinh\u00f6hle frei. So entstand die Cova de Moss\u00e9n Franc\u00e9s \u2013 eine Geschichte aus Humor, Zufall und einer Prise kirchlicher Respektlosigkeit.<\/p>\n\n\n\n<figure class=\"wp-block-image size-large\"><img decoding=\"async\" width=\"1024\" height=\"576\" src=\"https:\/\/casaruralcastalla.com\/de\/wp-content\/uploads\/sites\/5\/2025\/04\/20250406_091915-1-1-1024x576.jpg\" alt=\"Panoramablick vom Aussichtspunkt der Cova de Moss\u00e9n Franc\u00e9s \u00fcber Berge und T\u00e4ler der Sierra del Maigm\u00f3.\" class=\"wp-image-2604\" srcset=\"https:\/\/casaruralcastalla.com\/de\/wp-content\/uploads\/sites\/5\/2025\/04\/20250406_091915-1-1-1024x576.jpg 1024w, https:\/\/casaruralcastalla.com\/de\/wp-content\/uploads\/sites\/5\/2025\/04\/20250406_091915-1-1-300x169.jpg 300w, https:\/\/casaruralcastalla.com\/de\/wp-content\/uploads\/sites\/5\/2025\/04\/20250406_091915-1-1-768x432.jpg 768w, https:\/\/casaruralcastalla.com\/de\/wp-content\/uploads\/sites\/5\/2025\/04\/20250406_091915-1-1-892x502.jpg 892w, https:\/\/casaruralcastalla.com\/de\/wp-content\/uploads\/sites\/5\/2025\/04\/20250406_091915-1-1.jpg 1199w\" sizes=\"(max-width: 1024px) 100vw, 1024px\" \/><\/figure>\n\n\n\n<hr class=\"wp-block-separator has-alpha-channel-opacity\"\/>\n\n\n\n<h3 class=\"wp-block-heading\">Lage und Umgebung: ein nat\u00fcrlicher Balkon \ud83c\udfde\ufe0f\ud83c\udf04\ud83d\udd26<\/h3>\n\n\n\n<p class=\"wp-block-paragraph\">Die H\u00f6hle liegt auf etwa <strong>1.160 Metern H\u00f6he<\/strong>, mit spektakul\u00e4ren Blicken \u00fcber das <strong>Tal von Cat\u00ed<\/strong>, die <strong>Foia de Castalla<\/strong> \u2013 das weite Talbecken, in dem Castalla liegt \u2013 und die nahe <strong>Sierra del Cid<\/strong>. Erreichbar ist sie \u00fcber den Wanderweg <strong>PR-CV 31<\/strong>, eine Rundtour von etwa 8 Kilometern, die am Erholungsgebiet Xorret de Cat\u00ed beginnt. Ein <em>PR<\/em> ist in Spanien ein kurzer markierter Wanderweg, gekennzeichnet mit wei\u00df-gelben Streifen. Die H\u00f6hle ist f\u00fcr Wanderer mit normaler Grundkondition gut zu erreichen und erfordert keine technische Ausr\u00fcstung: Ihre waagerechte Galerie von rund 30 Metern l\u00e4sst sich zu Fu\u00df erkunden, eine Taschenlampe ist zum sicheren Betreten aber sehr zu empfehlen.<\/p>\n\n\n\n<p class=\"wp-block-paragraph\">Hinter dem Eingang, der zum Teil k\u00fcnstlich mit altem Sprengstoff freigelegt wurde, \u00f6ffnet sich ein Raum mit ebenem Boden und hohen Decken \u2013 ein deutlicher Hinweis auf die lange Nutzung durch den Menschen.<\/p>\n\n\n\n<hr class=\"wp-block-separator has-alpha-channel-opacity\"\/>\n\n\n\n<h3 class=\"wp-block-heading\">Gelebte Geschichte im Fels der <strong>Cova de Moss\u00e9n Franc\u00e9s<\/strong> \ud83d\udd6f\ufe0f\ud83d\udcdc\ud83e\uddf1<\/h3>\n\n\n\n<p class=\"wp-block-paragraph\">Jenseits der Legende vom jagenden Geistlichen ist belegt, dass die  <strong>Cova de Moss\u00e9n Franc\u00e9s<\/strong> von <strong>Hirten<\/strong> genutzt wurde, die sie herrichteten, um gemeinsam mit ihren Herden Schutz zu finden. Der eingeebnete Boden und die Reste alter Feuerstellen zeugen von ihrer Rolle als Unterstand bei K\u00e4lte und Unwettern. <\/p>\n\n\n\n<p class=\"wp-block-paragraph\">Es gibt sogar Hinweise auf eine Nutzung in <strong>andalusischer<\/strong> Zeit, als dies muslimisches Spanien war. Au\u00dferdem wird dar\u00fcber spekuliert, dass die H\u00f6hle im 19. Jahrhundert und in der Nachkriegszeit <strong>Banditen<\/strong> oder den <strong>maquis<\/strong> \u2013 den antifrankistischen Partisanen, die sich nach dem B\u00fcrgerkrieg in die Berge zur\u00fcckzogen \u2013 als Unterschlupf gedient haben k\u00f6nnte; bewiesen ist das nicht. Diese Mischung aus Funktionen macht die Cova zu einem echten steinernen Archiv der l\u00e4ndlichen und sozialen Geschichte der Region.<\/p>\n\n\n\n<hr class=\"wp-block-separator has-alpha-channel-opacity\"\/>\n\n\n\n<figure class=\"wp-block-image size-large\"><img decoding=\"async\" width=\"768\" height=\"1024\" src=\"https:\/\/casaruralcastalla.com\/de\/wp-content\/uploads\/sites\/5\/2025\/04\/20250406_091731-1-1-e1743931597651-768x1024.jpg\" alt=\"Geheimnisvolles Inneres der Cova de Moss\u00e9n Franc\u00e9s, in dem Licht und Schatten die Felsformationen hervorheben.\" class=\"wp-image-2605\" srcset=\"https:\/\/casaruralcastalla.com\/de\/wp-content\/uploads\/sites\/5\/2025\/04\/20250406_091731-1-1-e1743931597651-768x1024.jpg 768w, https:\/\/casaruralcastalla.com\/de\/wp-content\/uploads\/sites\/5\/2025\/04\/20250406_091731-1-1-e1743931597651-225x300.jpg 225w, https:\/\/casaruralcastalla.com\/de\/wp-content\/uploads\/sites\/5\/2025\/04\/20250406_091731-1-1-e1743931597651-892x1189.jpg 892w, https:\/\/casaruralcastalla.com\/de\/wp-content\/uploads\/sites\/5\/2025\/04\/20250406_091731-1-1-e1743931597651.jpg 900w\" sizes=\"(max-width: 768px) 100vw, 768px\" \/><\/figure>\n\n\n\n<h3 class=\"wp-block-heading\">Pflanzen und Tiere: mediterrane Artenvielfalt \ud83c\udf3f\ud83e\udd89\ud83c\udf1e<\/h3>\n\n\n\n<p class=\"wp-block-paragraph\">Die Umgebung der H\u00f6hle ist ein lebendiges Beispiel f\u00fcr gut erhaltenen <strong>Mittelmeerwald<\/strong>. Aleppo-Kiefern, Steineichen, Thymian, Rosmarin und Zistrosen bilden ein Vegetationsmosaik, das sich mit den Jahreszeiten ver\u00e4ndert. Im Fr\u00fchling ist die Luft von Bl\u00fctenduft erf\u00fcllt, im Herbst legen sich Ockert\u00f6ne \u00fcber die Landschaft.<\/p>\n\n\n\n<p class=\"wp-block-paragraph\">Zur Tierwelt z\u00e4hlen <strong>M\u00e4hnenspringer<\/strong>, <strong>Wildschwein<\/strong>, <strong>Ginsterkatze<\/strong> und <strong>Fuchs<\/strong> sowie V\u00f6gel wie <strong>Uhu<\/strong>, <strong>Wanderfalke<\/strong> und <strong>Wiesenweihe<\/strong>. Ein Paradies f\u00fcr alle, die Vogelbeobachtung und Naturfotografie lieben. <\/p>\n\n\n\n<hr class=\"wp-block-separator has-alpha-channel-opacity\"\/>\n\n\n\n<h3 class=\"wp-block-heading\"><a href=\"https:\/\/errederuta.com\/\" data-type=\"link\" data-id=\"https:\/\/errederuta.com\/\" target=\"_blank\" rel=\"noopener\">Wandern mit Geschichte<\/a> \ud83e\udd7e\ud83d\uddfa\ufe0f\ud83c\udfd4\ufe0f<\/h3>\n\n\n\n<p class=\"wp-block-paragraph\">Der PR-CV 31 f\u00fchrt nicht nur zur  <strong>Cova de Moss\u00e9n Franc\u00e9s<\/strong>, sondern bietet auch Aussichtspunkte, Rastpl\u00e4tze und die M\u00f6glichkeit, weitere Ziele anzuschlie\u00dfen, etwa den <strong>Pou de Neu de Planisses<\/strong>, einen alten Schneebrunnen, in dem lange vor der K\u00fchltechnik Eis f\u00fcr den Sommer eingelagert wurde. Xorret de Cat\u00ed ist zudem regelm\u00e4\u00dfig Etappenort der <strong>Vuelta a Espa\u00f1a<\/strong>, was den Ort f\u00fcr Radfahrer und Radsportfans zus\u00e4tzlich interessant macht. \ud83d\udeb5\u200d\u2642\ufe0f\ud83c\udfc1\ud83d\udccd<\/p>\n\n\n\n<p class=\"wp-block-paragraph\">Von <strong><a href=\"https:\/\/casaruralcastalla.com\/de\/\">Casa Rural Castalla<\/a><\/strong> aus erreichen Sie Xorret de Cat\u00ed schnell und bequem. Wir helfen Ihnen, die Tour f\u00fcr den Vormittag zu planen, ein Picknick einzupacken und danach im Haus zu entspannen: im Wohnzimmer ausruhen, ein Gesellschaftsspiel spielen oder ein Abendessen mit regionalen Produkten kochen. \ud83c\udf7d\ufe0f\ud83d\udecb\ufe0f\ud83c\udf77<\/p>\n\n\n\n<hr class=\"wp-block-separator has-alpha-channel-opacity\"\/>\n\n\n\n<h3 class=\"wp-block-heading\">Tipps f\u00fcr den Besuch \ud83e\udde2\ud83e\udded\ud83e\uddf4<\/h3>\n\n\n\n<ul class=\"wp-block-list\">\n<li><strong>Beste Jahreszeit<\/strong>: Fr\u00fchling und Herbst, wegen des milden Wetters und der Farben der Landschaft.<\/li>\n\n\n\n<li><strong>Ausr\u00fcstung<\/strong>: Wanderschuhe, Wasser, Taschenlampe und etwas Warmes zum \u00dcberziehen, auch im Sommer.<\/li>\n\n\n\n<li><strong>Vorsicht<\/strong>: Gehen Sie am Aussichtsbalkon nicht unachtsam an den Rand, besonders mit Kindern.<\/li>\n\n\n\n<li><strong>R\u00fccksicht auf die Natur<\/strong>: Nehmen Sie Ihren Abfall wieder mit, lassen Sie die Pflanzen unber\u00fchrt und st\u00f6ren Sie die Tiere nicht.<\/li>\n<\/ul>\n\n\n\n<hr class=\"wp-block-separator has-alpha-channel-opacity\"\/>\n\n\n\n<h3 class=\"wp-block-heading\">Mehr als ein Ausflug: ein rundes Erlebnis \u2728\ud83e\uddf3\ud83c\udf92<\/h3>\n\n\n\n<p class=\"wp-block-paragraph\">Ein Besuch der Cova de Moss\u00e9n Franc\u00e9s ist weit mehr als eine Wanderung: Er bringt Sie in Ber\u00fchrung mit der Geschichte, mit den Traditionen der Berge von Alicante und mit Landschaften, die \u00fcber Jahrhunderte stille Zeugen des l\u00e4ndlichen Lebens waren. <\/p>\n\n\n\n<p class=\"wp-block-paragraph\"><strong><a href=\"https:\/\/casaruralcastalla.com\/de\/\">Casa Rural Castalla<\/a><\/strong> liegt im historischen Ortskern und ist damit die ideale Unterkunft, um dieses Erlebnis abzurunden. Die gem\u00fctliche Atmosph\u00e4re, die N\u00e4he zu den Wanderwegen und das Bekenntnis zur Nachhaltigkeit machen das Haus zum perfekten Ausgangspunkt, um den Maigm\u00f3 zu erkunden. \ud83c\udfe1\ud83d\udcab\ud83c\udf04<\/p>\n\n\n\n<hr class=\"wp-block-separator has-alpha-channel-opacity\"\/>\n\n\n\n<p class=\"wp-block-paragraph\"><strong>Worauf warten Sie noch, um diesen Schatz zwischen den Bergen zu entdecken?<\/strong> Die <strong>Cova de Moss\u00e9n Franc\u00e9s<\/strong> erwartet Sie mit ihrer explosiven Geschichte, ihren Postkartenlandschaften und einer Legende, die noch immer zwischen den Steinen nachhallt. \ud83e\udde8\ud83d\udcf7\ud83d\udd0d<\/p>\n\n\n\n<p class=\"wp-block-paragraph\">Fragen Sie Ihren Aufenthalt in <strong><a href=\"https:\/\/casaruralcastalla.com\/de\/kontakt\/\">Casa Rural Castalla<\/a><\/strong> an und machen Sie sich bereit f\u00fcr ein Abenteuer, an das Sie sich immer erinnern werden. \ud83d\udcbc\ud83c\udf3f\ud83c\udf1f<\/p>\n\n\n\n<p class=\"wp-block-paragraph\"><\/p>\n\n\n\n<div class=\"wp-block-group cta-castalla-reserva has-background\" style=\"border-radius:12px;background-color:#f4ede2;margin-top:3rem;margin-bottom:3rem;padding-top:3rem;padding-right:2rem;padding-bottom:3rem;padding-left:2rem\"><div class=\"wp-block-group__inner-container is-layout-constrained wp-container-core-group-is-layout-8f4013b1 wp-block-group-is-layout-constrained\">\n<h3 class=\"wp-block-heading has-text-align-center\">Bereit f\u00fcr das Hinterland von Alicante?<\/h3>\n\n\n\n<p class=\"has-text-align-center wp-block-paragraph\">Buchen Sie Ihren Aufenthalt im <strong>Casa Rural Castalla<\/strong> und entdecken Sie in Ruhe Orte wie Plascaves, die Burg von Castalla oder die Sierra del Maigm\u00f3. Ihr Kurzurlaub im Hinterland von Alicante beginnt hier.<\/p>\n\n\n\n<div class=\"wp-block-buttons is-content-justification-center is-layout-flex wp-container-core-buttons-is-layout-fe48e5de wp-block-buttons-is-layout-flex\">\n<div class=\"wp-block-button\"><a class=\"wp-block-button__link wp-element-button\" href=\"https:\/\/wa.me\/34601994695?text=Hallo%21%20Ich%20m%C3%B6chte%20die%20Verf%C3%BCgbarkeit%20im%20Casa%20Rural%20Castalla%20anfragen.\" style=\"border-radius:6px\" target=\"_blank\" rel=\"noopener\">Verf\u00fcgbarkeit anfragen<\/a><\/div>\n\n\n\n<div class=\"wp-block-button is-style-outline is-style-outline--1\"><a class=\"wp-block-button__link wp-element-button\" href=\"https:\/\/casaruralcastalla.com\/de\/kontakt\/\" style=\"border-radius:6px\">Kontakt aufnehmen<\/a><\/div>\n<\/div>\n<\/div><\/div>\n","protected":false},"excerpt":{"rendered":"<p>Audioversion dieses Artikels (Podcast auf Spanisch). Die Cova de Moss\u00e9n Franc\u00e9s an der Flanke der Sierra del Maigm\u00f3 \u2013 einer der Kalksteinketten im Hinterland von Alicante \u2013 ist einer jener Orte, an denen sich Natur, Geschichte und Legende fast magisch verflechten. Auf \u00fcber 1.100 Metern H\u00f6he gelegen, ganz in der N\u00e4he des Naturraums Xorret de [&hellip;]<\/p>\n","protected":false},"author":1,"featured_media":2603,"comment_status":"closed","ping_status":"closed","sticky":false,"template":"","format":"standard","meta":{"inline_featured_image":false,"_trash_the_other_posts":false,"_monsterinsights_skip_tracking":false,"_joinchat":[],"footnotes":""},"categories":[1,178],"tags":[],"class_list":["post-2602","post","type-post","status-publish","format-standard","has-post-thumbnail","hentry","category-nicht-kategorisiert","category-wandern"],"_links":{"self":[{"href":"https:\/\/casaruralcastalla.com\/de\/wp-json\/wp\/v2\/posts\/2602","targetHints":{"allow":["GET"]}}],"collection":[{"href":"https:\/\/casaruralcastalla.com\/de\/wp-json\/wp\/v2\/posts"}],"about":[{"href":"https:\/\/casaruralcastalla.com\/de\/wp-json\/wp\/v2\/types\/post"}],"author":[{"embeddable":true,"href":"https:\/\/casaruralcastalla.com\/de\/wp-json\/wp\/v2\/users\/1"}],"replies":[{"embeddable":true,"href":"https:\/\/casaruralcastalla.com\/de\/wp-json\/wp\/v2\/comments?post=2602"}],"version-history":[{"count":2,"href":"https:\/\/casaruralcastalla.com\/de\/wp-json\/wp\/v2\/posts\/2602\/revisions"}],"predecessor-version":[{"id":5906,"href":"https:\/\/casaruralcastalla.com\/de\/wp-json\/wp\/v2\/posts\/2602\/revisions\/5906"}],"wp:featuredmedia":[{"embeddable":true,"href":"https:\/\/casaruralcastalla.com\/de\/wp-json\/wp\/v2\/media\/2603"}],"wp:attachment":[{"href":"https:\/\/casaruralcastalla.com\/de\/wp-json\/wp\/v2\/media?parent=2602"}],"wp:term":[{"taxonomy":"category","embeddable":true,"href":"https:\/\/casaruralcastalla.com\/de\/wp-json\/wp\/v2\/categories?post=2602"},{"taxonomy":"post_tag","embeddable":true,"href":"https:\/\/casaruralcastalla.com\/de\/wp-json\/wp\/v2\/tags?post=2602"}],"curies":[{"name":"wp","href":"https:\/\/api.w.org\/{rel}","templated":true}]}}